{"id":63957,"date":"2024-01-06T10:00:00","date_gmt":"2024-01-06T16:00:00","guid":{"rendered":"http:\/\/www.zonaroja.com.mx\/?p=63957"},"modified":"2024-01-06T07:36:49","modified_gmt":"2024-01-06T13:36:49","slug":"ponen-nombre-de-secretaria-de-turismo-de-la-4t-saymi-pineda-a-un-albergue","status":"publish","type":"post","link":"https:\/\/zonaroja.com.mx\/?p=63957","title":{"rendered":"Ponen nombre de secretaria de Turismo de la 4T, Saymi Pineda, a un albergue"},"content":{"rendered":"\n<p>Ismael Garc\u00eda M.\/Zona Roja.<\/p>\n\n\n\n<p>Oaxaca de Ju\u00e1rez, Oax., a 6 de enero de 2024.- Pese a que el gobernador morenista Salom\u00f3n Jara Cruz ha llamado a los funcionarios del gabinete a la austeridad, sencillez y nula ostentaci\u00f3n, la secretaria de Turismo, Saymi Pineda Velasco, permiti\u00f3 que su nombre fuera colocado en un albergue.<\/p>\n\n\n\n<p>Fue a un inmueble en la localidad de San Pedro Cafetitl\u00e1n, agencia de San Pedro Pochutla, municipio donde la funcionaria fue alcaldesa.<\/p>\n\n\n\n<p>\u201c\u00a1Inauguramos el primer Albergue en la Regi\u00f3n de la Costa! Hoy tuve el honor de asistir a la inauguraci\u00f3n del albergue comunitario de San Pedro #Cafetitl\u00e1n. Este proyecto solicitado por la poblaci\u00f3n para protegerse de los desastres naturales\u201d, difundi\u00f3 a trav\u00e9s de las redes sociales.<\/p>\n\n\n\n<p>Hasta ahora Saymi Pineda no ha precisado qu\u00e9 autoridad construy\u00f3 dicho albergue y por qu\u00e9 permiti\u00f3 que le fuera colocado su nombre; de acuerdo con los pobladores, fue una decisi\u00f3n de asamblea.<\/p>\n\n\n\n<p>\u201cAlbergue multifuncional Mtra. Saymi A Pineda Velasco. Agente municipal Lic. No\u00e9 Garc\u00eda Garc\u00eda; Tesorera Yolanda Ruiz Silva\u201d, se lee en la placa develada.<\/p>\n\n\n\n<p>En el sexenio del priista Ulises Ruiz Ortiz, se emiti\u00f3 un decreto por el cual se prohibe al titular del Poder Ejecutivo y dem\u00e1s funcionarios poner nombres propios a las obras p\u00fablicas.<\/p>\n\n\n\n<p>Por otra parte, en redes sociales se viraliz\u00f3 tambi\u00e9n una fotograf\u00eda, en que se difunde que la secretaria de Turismo impulsa a su madre, la se\u00f1ora Mary Velasco Ram\u00edrez, como candidata a una diputaci\u00f3n local por el distrito de Pochutla, pese a que no se le conoce trayectoria pol\u00edtica o partidista por Morena.<\/p>\n","protected":false},"excerpt":{"rendered":"<p>Ismael Garc\u00eda M.\/Zona Roja. Oaxaca de Ju\u00e1rez, Oax., a 6 de enero de 2024.- Pese&hellip;<\/p>\n","protected":false},"author":2,"featured_media":63958,"comment_status":"closed","ping_status":"open","sticky":false,"template":"","format":"standard","meta":{"_lmt_disableupdate":"","_lmt_disable":"","_jetpack_memberships_contains_paid_content":false,"footnotes":""},"categories":[109,47],"tags":[2714],"class_list":["post-63957","post","type-post","status-publish","format-standard","has-post-thumbnail","hentry","category-minuto-a-minuto","category-zona-gris","tag-saymi-pineda-velasco"],"jetpack_featured_media_url":"https:\/\/zonaroja.com.mx\/wp-content\/uploads\/2024\/01\/Saymi-Pineda-Velasco-placa-Cafetitlan.jpg","jetpack_sharing_enabled":true,"_links":{"self":[{"href":"https:\/\/zonaroja.com.mx\/index.php?rest_route=\/wp\/v2\/posts\/63957","targetHints":{"allow":["GET"]}}],"collection":[{"href":"https:\/\/zonaroja.com.mx\/index.php?rest_route=\/wp\/v2\/posts"}],"about":[{"href":"https:\/\/zonaroja.com.mx\/index.php?rest_route=\/wp\/v2\/types\/post"}],"author":[{"embeddable":true,"href":"https:\/\/zonaroja.com.mx\/index.php?rest_route=\/wp\/v2\/users\/2"}],"replies":[{"embeddable":true,"href":"https:\/\/zonaroja.com.mx\/index.php?rest_route=%2Fwp%2Fv2%2Fcomments&post=63957"}],"version-history":[{"count":1,"href":"https:\/\/zonaroja.com.mx\/index.php?rest_route=\/wp\/v2\/posts\/63957\/revisions"}],"predecessor-version":[{"id":63959,"href":"https:\/\/zonaroja.com.mx\/index.php?rest_route=\/wp\/v2\/posts\/63957\/revisions\/63959"}],"wp:featuredmedia":[{"embeddable":true,"href":"https:\/\/zonaroja.com.mx\/index.php?rest_route=\/wp\/v2\/media\/63958"}],"wp:attachment":[{"href":"https:\/\/zonaroja.com.mx\/index.php?rest_route=%2Fwp%2Fv2%2Fmedia&parent=63957"}],"wp:term":[{"taxonomy":"category","embeddable":true,"href":"https:\/\/zonaroja.com.mx\/index.php?rest_route=%2Fwp%2Fv2%2Fcategories&post=63957"},{"taxonomy":"post_tag","embeddable":true,"href":"https:\/\/zonaroja.com.mx\/index.php?rest_route=%2Fwp%2Fv2%2Ftags&post=63957"}],"curies":[{"name":"wp","href":"https:\/\/api.w.org\/{rel}","templated":true}]}}