{"id":6396,"date":"2019-12-06T08:00:10","date_gmt":"2019-12-06T14:00:10","guid":{"rendered":"http:\/\/www.zonaroja.com.mx\/?p=6396"},"modified":"2019-12-05T21:03:16","modified_gmt":"2019-12-06T03:03:16","slug":"oaxaca-dentro-de-los-5-estados-con-menor-crecimiento-economico","status":"publish","type":"post","link":"https:\/\/zonaroja.com.mx\/?p=6396","title":{"rendered":"Oaxaca, dentro de los 5 estados con menor crecimiento econ\u00f3mico"},"content":{"rendered":"\n<p>Evlin Arag\u00f3n\/Zona Roja.<\/p>\n\n\n\n<p>Oaxaca de Ju\u00e1rez, Oax., 5 de diciembre\nde 2019.- Oaxaca presenta una tasa negativa en cuanto a crecimiento econ\u00f3mico,\nya que se ubica entre las cinco entidades con menores \u00edndices, de acuerdo con\nlos datos emitidos por \u201cM\u00e9xico \u00bfc\u00f3mo vamos?\u201d, iniciativa ciudadana de personas\nexpertas en econom\u00eda. <\/p>\n\n\n\n<p>A trav\u00e9s de sus plataformas digitales,\nla organizaci\u00f3n dedicada a evaluar distintos rubros en materia econ\u00f3mica en las\n32 entidades federativas, ubica a Oaxaca en el lugar 28 con un crecimiento de\n1.3 por ciento, solo por encima de Tamaulipas, Chiapas, Tabasco y Campeche que\nconforman los cincos \u00faltimos lugares en la tabla. <\/p>\n\n\n\n<p>De acuerdo con los datos que arroja el\nan\u00e1lisis, la administraci\u00f3n de Alejandro Murat Hinojosa lejos de cumplir con la\nmeta de crecimiento econ\u00f3mico del 4.5 por ciento, tiene un d\u00e9ficit de 2.6 por\nciento anual, adem\u00e1s de haber aumentado la informalidad de los empleos y la\ndeuda p\u00fablica con datos hasta del tercer trimestre de este 2019.<\/p>\n\n\n\n<p>La entidad no pudo cumplir con la meta\nde generar 28 mil 950 empleos y se qued\u00f3 por debajo del 75 por ciento del\ntotal, mientras que la tasa de empleos informales subi\u00f3 un .6 por ciento\npasando de 74.5 a 75.1 por ciento.<\/p>\n\n\n\n<p>La productividad baj\u00f3 de 80 a 74 pesos\npor hora trabajada, cantidad muy por debajo de la media nacional que es de 162\npesos; mientras que la deuda p\u00fablica subi\u00f3 de 4.1 a 4.5 por ciento pese al\ncompromiso del mandatario de mantener una econ\u00f3mica sustentable.<\/p>\n\n\n\n<p>Pese a las supuestas pol\u00edticas de\nausteridad implementadas en la administraci\u00f3n p\u00fablica estatal, la ocupaci\u00f3n traducida\nen la poblaci\u00f3n ocupada en el gobierno con contrataci\u00f3n previa, aument\u00f3 pasando\n3.6 a 4.3 por ciento.<\/p>\n\n\n\n<p>Los \u00fanicos rubros en los que la entidad\npresenta una mejora son la reducci\u00f3n de la pobreza laboral, al pasar de 64 a 61\npor ciento, sin embargo a\u00fan muy encima de la media nacional que tiene un\nporcentaje de 38.5; as\u00ed como la desigualdad laboral, que disminuy\u00f3 en 0.011 por\nciento y quedando muy encima de la media nacional. <\/p>\n\n\n\n<p>Cabe se\u00f1alar que de acuerdo con los\ndatos presentados por la organizaci\u00f3n, ning\u00fan estado de la Rep\u00fablica presenta\nun crecimiento de 4.5 por ciento o m\u00e1s que lo colocar\u00eda en sem\u00e1foro verde y\nsolo Chihuahua registra una tasa de crecimiento mayor al 3.4 por ciento,\nconvirti\u00e9ndose en la \u00fanica entidad en sem\u00e1foro amarillo.<\/p>\n","protected":false},"excerpt":{"rendered":"<p>Evlin Arag\u00f3n\/Zona Roja. Oaxaca de Ju\u00e1rez, Oax., 5 de diciembre de 2019.- Oaxaca presenta una&hellip;<\/p>\n","protected":false},"author":2,"featured_media":6397,"comment_status":"closed","ping_status":"open","sticky":false,"template":"","format":"standard","meta":{"_lmt_disableupdate":"","_lmt_disable":"","_jetpack_memberships_contains_paid_content":false,"footnotes":""},"categories":[109,47],"tags":[1107],"class_list":["post-6396","post","type-post","status-publish","format-standard","has-post-thumbnail","hentry","category-minuto-a-minuto","category-zona-gris","tag-mexico-como-vamos"],"jetpack_featured_media_url":"https:\/\/zonaroja.com.mx\/wp-content\/uploads\/2019\/12\/Image-1-52.png","jetpack_sharing_enabled":true,"_links":{"self":[{"href":"https:\/\/zonaroja.com.mx\/index.php?rest_route=\/wp\/v2\/posts\/6396","targetHints":{"allow":["GET"]}}],"collection":[{"href":"https:\/\/zonaroja.com.mx\/index.php?rest_route=\/wp\/v2\/posts"}],"about":[{"href":"https:\/\/zonaroja.com.mx\/index.php?rest_route=\/wp\/v2\/types\/post"}],"author":[{"embeddable":true,"href":"https:\/\/zonaroja.com.mx\/index.php?rest_route=\/wp\/v2\/users\/2"}],"replies":[{"embeddable":true,"href":"https:\/\/zonaroja.com.mx\/index.php?rest_route=%2Fwp%2Fv2%2Fcomments&post=6396"}],"version-history":[{"count":2,"href":"https:\/\/zonaroja.com.mx\/index.php?rest_route=\/wp\/v2\/posts\/6396\/revisions"}],"predecessor-version":[{"id":6399,"href":"https:\/\/zonaroja.com.mx\/index.php?rest_route=\/wp\/v2\/posts\/6396\/revisions\/6399"}],"wp:featuredmedia":[{"embeddable":true,"href":"https:\/\/zonaroja.com.mx\/index.php?rest_route=\/wp\/v2\/media\/6397"}],"wp:attachment":[{"href":"https:\/\/zonaroja.com.mx\/index.php?rest_route=%2Fwp%2Fv2%2Fmedia&parent=6396"}],"wp:term":[{"taxonomy":"category","embeddable":true,"href":"https:\/\/zonaroja.com.mx\/index.php?rest_route=%2Fwp%2Fv2%2Fcategories&post=6396"},{"taxonomy":"post_tag","embeddable":true,"href":"https:\/\/zonaroja.com.mx\/index.php?rest_route=%2Fwp%2Fv2%2Ftags&post=6396"}],"curies":[{"name":"wp","href":"https:\/\/api.w.org\/{rel}","templated":true}]}}