{"id":63973,"date":"2024-01-06T14:00:00","date_gmt":"2024-01-06T20:00:00","guid":{"rendered":"http:\/\/www.zonaroja.com.mx\/?p=63973"},"modified":"2024-01-06T08:29:45","modified_gmt":"2024-01-06T14:29:45","slug":"gobierno-de-san-lorenzo-cacaotepec-inicia-otra-obra-de-pavimentacion","status":"publish","type":"post","link":"https:\/\/zonaroja.com.mx\/?p=63973","title":{"rendered":"Gobierno de San Lorenzo Cacaotepec inicia otra obra de pavimentaci\u00f3n"},"content":{"rendered":"\n<p>Redacci\u00f3n\/Zona Roja.<\/p>\n\n\n\n<p>Oaxaca de Ju\u00e1rez, Oax., a 6 de enero de 2024.- La autoridad municipal de San Lorenzo Cacaotepec inici\u00f3 una nueva obra de pavimentaci\u00f3n, ahora en una longitud de 330 metros lineales.<\/p>\n\n\n\n<p>Se trata de la segunda etapa del camino de acceso a dicho municipio de la regi\u00f3n Valles Centrales de Oaxaca, inform\u00f3 la alcaldesa Iris L\u00f3pez Zavaleta.<\/p>\n\n\n\n<p>Acompa\u00f1ado de integrantes del ayuntamiento, dio el banderazo de inicio de la construcci\u00f3n con pavimento con concreto hidr\u00e1ulico del tramo La V\u00eda-La Capilla del KM 0+000 al KM 0+300.000.<\/p>\n\n\n\n<p>Se trata de 330 metros lineales, que dan continuidad a los 420 pavimentados el a\u00f1o pasado (2023), acci\u00f3n con la que el concreto en el acceso principal a la poblaci\u00f3n se conectar\u00e1 con el puente, indic\u00f3.<\/p>\n\n\n\n<p>Respecto a las especificaciones de la obra: se ejecutar\u00e1 en un tiempo estimado de 40 d\u00edas, contar\u00e1 con un ancho de vialidad de 7.5 metros, con un metro de banqueta de cada lado y una ciclov\u00eda de 1.50 metros de ancho, se\u00f1al\u00e9tica y sin topes ni reductores de velocidad, detall\u00f3 la Regidur\u00eda de Obras P\u00fablicas.<\/p>\n\n\n\n<p>Precis\u00f3 que la pavimentaci\u00f3n del tramo carretero La V\u00eda-La Capilla fue proyectado en tres etapas, una para cada a\u00f1o de la presente administraci\u00f3n, siendo la primera la que se ejecut\u00f3 de mayo a septiembre de 2023.<\/p>\n\n\n\n<p>Sin embargo, en la visita del gobernador de Oaxaca, Salom\u00f3n Jara Cruz, a San Lorenzo Cacaotepec, el pasado 2 de agosto, el mandatario anunci\u00f3 una inversi\u00f3n de cuatro millones de pesos para continuar estos trabajos, recurso con el que se da continuidad a la obra, por lo que en este mismo 2024 se iniciar\u00e1 con la \u00faltima etapa de la pavimentaci\u00f3n.<\/p>\n\n\n\n<p>La inversi\u00f3n y el proyecto del Gobierno del Estado comprende la construcci\u00f3n de 300 metros lineales, pero la administraci\u00f3n municipal, con recursos propios, construir\u00e1 30 metros m\u00e1s para que el concreto llegue hasta el puente.<\/p>\n\n\n\n<p>Cabe mencionar que, como en cada una de las obras realizadas en la comunidad por la administraci\u00f3n 2023-2025, estuvieron presentes los integrantes de la reci\u00e9n conformada Alcald\u00eda \u00danica Constitucional, dirigida por su titular Gerardo Nicol\u00e1s S\u00e1nchez Mendoza, as\u00ed como los componentes del Comisariado Ejidal, para dar fe y respaldar este proyecto.<\/p>\n","protected":false},"excerpt":{"rendered":"<p>Redacci\u00f3n\/Zona Roja. Oaxaca de Ju\u00e1rez, Oax., a 6 de enero de 2024.- La autoridad municipal&hellip;<\/p>\n","protected":false},"author":2,"featured_media":63966,"comment_status":"closed","ping_status":"open","sticky":false,"template":"","format":"standard","meta":{"_lmt_disableupdate":"","_lmt_disable":"","_jetpack_memberships_contains_paid_content":false,"footnotes":""},"categories":[109,46],"tags":[846],"class_list":["post-63973","post","type-post","status-publish","format-standard","has-post-thumbnail","hentry","category-minuto-a-minuto","category-zona-blanca","tag-san-lorenzo-cacaotepec"],"jetpack_featured_media_url":"https:\/\/zonaroja.com.mx\/wp-content\/uploads\/2024\/01\/Camino-San-Lorenzo-Cacaotepec.jpg","jetpack_sharing_enabled":true,"_links":{"self":[{"href":"https:\/\/zonaroja.com.mx\/index.php?rest_route=\/wp\/v2\/posts\/63973","targetHints":{"allow":["GET"]}}],"collection":[{"href":"https:\/\/zonaroja.com.mx\/index.php?rest_route=\/wp\/v2\/posts"}],"about":[{"href":"https:\/\/zonaroja.com.mx\/index.php?rest_route=\/wp\/v2\/types\/post"}],"author":[{"embeddable":true,"href":"https:\/\/zonaroja.com.mx\/index.php?rest_route=\/wp\/v2\/users\/2"}],"replies":[{"embeddable":true,"href":"https:\/\/zonaroja.com.mx\/index.php?rest_route=%2Fwp%2Fv2%2Fcomments&post=63973"}],"version-history":[{"count":1,"href":"https:\/\/zonaroja.com.mx\/index.php?rest_route=\/wp\/v2\/posts\/63973\/revisions"}],"predecessor-version":[{"id":63974,"href":"https:\/\/zonaroja.com.mx\/index.php?rest_route=\/wp\/v2\/posts\/63973\/revisions\/63974"}],"wp:featuredmedia":[{"embeddable":true,"href":"https:\/\/zonaroja.com.mx\/index.php?rest_route=\/wp\/v2\/media\/63966"}],"wp:attachment":[{"href":"https:\/\/zonaroja.com.mx\/index.php?rest_route=%2Fwp%2Fv2%2Fmedia&parent=63973"}],"wp:term":[{"taxonomy":"category","embeddable":true,"href":"https:\/\/zonaroja.com.mx\/index.php?rest_route=%2Fwp%2Fv2%2Fcategories&post=63973"},{"taxonomy":"post_tag","embeddable":true,"href":"https:\/\/zonaroja.com.mx\/index.php?rest_route=%2Fwp%2Fv2%2Ftags&post=63973"}],"curies":[{"name":"wp","href":"https:\/\/api.w.org\/{rel}","templated":true}]}}