{"id":63977,"date":"2024-01-06T13:18:42","date_gmt":"2024-01-06T19:18:42","guid":{"rendered":"http:\/\/www.zonaroja.com.mx\/?p=63977"},"modified":"2024-01-06T13:20:03","modified_gmt":"2024-01-06T19:20:03","slug":"reconoce-sedena-labor-de-periodistas-oaxaquenos-2","status":"publish","type":"post","link":"https:\/\/zonaroja.com.mx\/?p=63977","title":{"rendered":"Reconoce Sedena labor de periodistas oaxaque\u00f1os"},"content":{"rendered":"\n<p>Yuridiana Sosa\/Zona Roja.<\/p>\n\n\n\n<p>Oaxaca de Ju\u00e1rez, Oax., a 6 de enero de 2024.-El trabajo diario de informar a la poblaci\u00f3n oaxaque\u00f1a sobre los hechos de su entorno, fue reconocido por la XXVIII Regi\u00f3n Militar de la Secretar\u00eda de la Defensa Nacional (Sedena).<\/p>\n\n\n\n<p>En un acto encabezado por el Coronel Intendente Diplomado de Estado Mayor, Jorge Ignacio Ponce Olivera, jefe de Estado Mayor, los periodistas oaxaque\u00f1os convivieron con elementos de las fuerzas armadas en la sede de Santa Mar\u00eda Ixcotel, de Santa Luc\u00eda del Camino, conurbado a la capital.<\/p>\n\n\n\n<p>El Coronel Intendente Diplomado de Estado Mayor, Jorge Ignacio Ponce Olivera, jefe de Estado Mayor, destac\u00f3 que un periodista es parte fundamental de la vida nacional, pues se dedica a la b\u00fasqueda de la verdad y a la defensa de la libertad de expresi\u00f3n.&nbsp;<\/p>\n\n\n\n<p>Para la XXVIII Zona Militar, dijo, es importante contar con el apoyo de los medios de comunicaci\u00f3n debido a que coadyuvan a difundir las actividades de acercamiento social que se realizan dentro y fuera de este campo militar, con el objetivo de que la poblaci\u00f3n oaxaque\u00f1a mantenga la confianza en sus fuerzas armadas. <\/p>\n\n\n\n<p>Motivo por el cual el jefe de Estado Mayo, Jorge Ignacio Ponce Olivera, subray\u00f3 que la prensa es el v\u00ednculo entre &nbsp;ellos con la sociedad, para que tambi\u00e9n los conozcan como seres humanos y eliminen la mala percepci\u00f3n que tienen de ellos por desconocimiento.<\/p>\n\n\n\n<p>\u201cEstamos para servir a la sociedad y buscamos ese acercamiento, ese v\u00ednculo con la sociedad y eso es a trav\u00e9s de ustedes de los medios de comunicaci\u00f3n\u201d, expres\u00f3.<\/p>\n\n\n\n<p>As\u00ed mismo, &nbsp;el Coronel Intendente Diplomado de Estado Mayor &nbsp;reconoci\u00f3 la actividad de los periodistas, quienes ahora difunden informaci\u00f3n por diferentes medios, desde los tradicionales como la prensa escrita, radio y televisi\u00f3n, como en diferentes plataformas digitales, lo que a su vez ha significado evolucionar y diversificar su trabajo diario con el uso de la tecnolog\u00eda.<\/p>\n\n\n\n<p>Durante su mensaje, Ponce Olivera record\u00f3 que la celebraci\u00f3n del \u201cD\u00eda Nacional del Periodista\u201d es en conmemoraci\u00f3n al aniversario luctuoso del Manuel Caballero, considerado el padre del periodismo moderno.&nbsp;<\/p>\n\n\n\n<p>Manuel Caballero fue un periodista y escritor, quien muri\u00f3 el 4 de enero de 1926 en la Ciudad de M\u00e9xico y revolucion\u00f3 su gremio en el pa\u00eds en la \u00e9poca del Porfiriato.<\/p>\n\n\n\n<p>Su trabajo suscit\u00f3 grandes pol\u00e9micas en el mundo period\u00edstico y cultural en M\u00e9xico, y defendi\u00f3 fervientemente la libertad de expresi\u00f3n y la discusi\u00f3n p\u00fablica como motores de la democracia declarando que la prensa es el medio de comunicaci\u00f3n intelectual entre los pueblos civilizados.<\/p>\n","protected":false},"excerpt":{"rendered":"<p>Yuridiana Sosa\/Zona Roja. Oaxaca de Ju\u00e1rez, Oax., a 6 de enero de 2024.-El trabajo diario&hellip;<\/p>\n","protected":false},"author":2,"featured_media":63970,"comment_status":"closed","ping_status":"open","sticky":false,"template":"","format":"standard","meta":{"_lmt_disableupdate":"","_lmt_disable":"","_jetpack_memberships_contains_paid_content":false,"footnotes":""},"categories":[109,46],"tags":[],"class_list":["post-63977","post","type-post","status-publish","format-standard","has-post-thumbnail","hentry","category-minuto-a-minuto","category-zona-blanca"],"jetpack_featured_media_url":"https:\/\/zonaroja.com.mx\/wp-content\/uploads\/2024\/01\/Desayuno-Sedena-periodistas-XXVIII-region-Militar.jpg","jetpack_sharing_enabled":true,"_links":{"self":[{"href":"https:\/\/zonaroja.com.mx\/index.php?rest_route=\/wp\/v2\/posts\/63977","targetHints":{"allow":["GET"]}}],"collection":[{"href":"https:\/\/zonaroja.com.mx\/index.php?rest_route=\/wp\/v2\/posts"}],"about":[{"href":"https:\/\/zonaroja.com.mx\/index.php?rest_route=\/wp\/v2\/types\/post"}],"author":[{"embeddable":true,"href":"https:\/\/zonaroja.com.mx\/index.php?rest_route=\/wp\/v2\/users\/2"}],"replies":[{"embeddable":true,"href":"https:\/\/zonaroja.com.mx\/index.php?rest_route=%2Fwp%2Fv2%2Fcomments&post=63977"}],"version-history":[{"count":1,"href":"https:\/\/zonaroja.com.mx\/index.php?rest_route=\/wp\/v2\/posts\/63977\/revisions"}],"predecessor-version":[{"id":63978,"href":"https:\/\/zonaroja.com.mx\/index.php?rest_route=\/wp\/v2\/posts\/63977\/revisions\/63978"}],"wp:featuredmedia":[{"embeddable":true,"href":"https:\/\/zonaroja.com.mx\/index.php?rest_route=\/wp\/v2\/media\/63970"}],"wp:attachment":[{"href":"https:\/\/zonaroja.com.mx\/index.php?rest_route=%2Fwp%2Fv2%2Fmedia&parent=63977"}],"wp:term":[{"taxonomy":"category","embeddable":true,"href":"https:\/\/zonaroja.com.mx\/index.php?rest_route=%2Fwp%2Fv2%2Fcategories&post=63977"},{"taxonomy":"post_tag","embeddable":true,"href":"https:\/\/zonaroja.com.mx\/index.php?rest_route=%2Fwp%2Fv2%2Ftags&post=63977"}],"curies":[{"name":"wp","href":"https:\/\/api.w.org\/{rel}","templated":true}]}}