{"id":63979,"date":"2024-01-06T19:37:27","date_gmt":"2024-01-07T01:37:27","guid":{"rendered":"http:\/\/www.zonaroja.com.mx\/?p=63979"},"modified":"2024-01-06T19:37:35","modified_gmt":"2024-01-07T01:37:35","slug":"detienen-a-trabajadora-con-droga-en-penal-de-tanivet-juez-cambia-delito","status":"publish","type":"post","link":"https:\/\/zonaroja.com.mx\/?p=63979","title":{"rendered":"Detienen a trabajadora con droga en penal de Tanivet; juez cambia delito"},"content":{"rendered":"\n<p>Yuridiana Sosa\/Zona Roja. <\/p>\n\n\n\n<p>Oaxaca de Ju\u00e1rez, Oax., a 6 de enero de 2024.- Una servidora p\u00fablica que se desempe\u00f1aba como trabajadora social en el Centro de Reinserci\u00f3n Social varonil de Tanivet, Tlacolula, fue detenida al intentar ingresar una bolsa con sustancia con caracter\u00edsticas similares al cristal.<\/p>\n\n\n\n<p>El subsecretario de Prevenci\u00f3n y Reinserci\u00f3n Social, de la Secretar\u00eda de Seguridad y Protecci\u00f3n Ciudadana de Oaxaca, &nbsp;Roberto Castillo Ram\u00edrez, se\u00f1al\u00f3 que el decomiso se realiz\u00f3 el pasado 30 de diciembre, alrededor&nbsp;de las 10:00&nbsp;horas, en la aduana de acceso al penal, donde la mujer trabajaba los fines de semana.&nbsp;<\/p>\n\n\n\n<p>La empleada, dijo, llevaba entre su ropa 280 gramos de una sustancia granulada, color blanco, con caracter\u00edsticas similares a la droga conocida como cristal.<\/p>\n\n\n\n<p>Por el hecho la mujer fue detenida y puesta a disposici\u00f3n de la Fiscal\u00eda General de la Rep\u00fablica, que a su vez realiz\u00f3 la imputaci\u00f3n y se vincul\u00f3 a proceso ante el juez de control de la Federaci\u00f3n.<\/p>\n\n\n\n<p>El subsecretario inform\u00f3 en conferencia de prensa, del pasado jueves, que se realiz\u00f3 la imputaci\u00f3n bajo el supuesto jur\u00eddico de posesi\u00f3n con fines de distribuci\u00f3n. Pero la jueza reclasific\u00f3 el delito por posesi\u00f3n simple.<\/p>\n\n\n\n<p>Eso permiti\u00f3 que en el debate de medidas cautelares ya no fuera factible imponer la prisi\u00f3n preventiva, por lo que qued\u00f3 en libertad y se aplic\u00f3 la firma peri\u00f3dica.<\/p>\n\n\n\n<p>Ante las circunstancias, el gobierno del estado ya realiza el tr\u00e1mite necesario para darle de baja como servidora p\u00fablica, agreg\u00f3.&nbsp;<\/p>\n\n\n\n<p>\u201cSon de los casos de c\u00f3mo entra la droga en los centros penitenciarios. Son pocos los servidores &nbsp;p\u00fablicos que nos traicionan\u201d, expres\u00f3.<\/p>\n\n\n\n<p>OTROS DECOMISOS<\/p>\n\n\n\n<p>En materia de seguridad penitenciaria, el subsecretario de Prevenci\u00f3n y Reinserci\u00f3n Social, Roberto Castillo Ram\u00edrez, se\u00f1al\u00f3 que en la \u00faltima semana de a\u00f1o se realizaron 83 revisiones y ocho decomisos.<\/p>\n\n\n\n<p>En dichas revisiones se localizaron cuatro envoltorios de marihuana con un total de 51.74 gramos; dos envoltorios de cristal, con 306.21 gramos; 90 dosis de cristal, con un total de 14.67 gramos.<\/p>\n\n\n\n<p>Adem\u00e1s de 71 envoltorios de hero\u00edna, con un total de 56.76 gramos; seis dosis de hero\u00edna con un total de 0.33 gramos; &nbsp;11 envoltorios de coca\u00edna con un total de 12.9 gramos &nbsp;y 12 objetos prohibidos.&nbsp;<\/p>\n","protected":false},"excerpt":{"rendered":"<p>Yuridiana Sosa\/Zona Roja. Oaxaca de Ju\u00e1rez, Oax., a 6 de enero de 2024.- Una servidora&hellip;<\/p>\n","protected":false},"author":2,"featured_media":63967,"comment_status":"closed","ping_status":"open","sticky":false,"template":"","format":"standard","meta":{"_lmt_disableupdate":"","_lmt_disable":"","_jetpack_memberships_contains_paid_content":false,"footnotes":""},"categories":[109,47],"tags":[],"class_list":["post-63979","post","type-post","status-publish","format-standard","has-post-thumbnail","hentry","category-minuto-a-minuto","category-zona-gris"],"jetpack_featured_media_url":"https:\/\/zonaroja.com.mx\/wp-content\/uploads\/2024\/01\/Detenida-drogas-reclusorio-Tanivet.jpg","jetpack_sharing_enabled":true,"_links":{"self":[{"href":"https:\/\/zonaroja.com.mx\/index.php?rest_route=\/wp\/v2\/posts\/63979","targetHints":{"allow":["GET"]}}],"collection":[{"href":"https:\/\/zonaroja.com.mx\/index.php?rest_route=\/wp\/v2\/posts"}],"about":[{"href":"https:\/\/zonaroja.com.mx\/index.php?rest_route=\/wp\/v2\/types\/post"}],"author":[{"embeddable":true,"href":"https:\/\/zonaroja.com.mx\/index.php?rest_route=\/wp\/v2\/users\/2"}],"replies":[{"embeddable":true,"href":"https:\/\/zonaroja.com.mx\/index.php?rest_route=%2Fwp%2Fv2%2Fcomments&post=63979"}],"version-history":[{"count":1,"href":"https:\/\/zonaroja.com.mx\/index.php?rest_route=\/wp\/v2\/posts\/63979\/revisions"}],"predecessor-version":[{"id":63980,"href":"https:\/\/zonaroja.com.mx\/index.php?rest_route=\/wp\/v2\/posts\/63979\/revisions\/63980"}],"wp:featuredmedia":[{"embeddable":true,"href":"https:\/\/zonaroja.com.mx\/index.php?rest_route=\/wp\/v2\/media\/63967"}],"wp:attachment":[{"href":"https:\/\/zonaroja.com.mx\/index.php?rest_route=%2Fwp%2Fv2%2Fmedia&parent=63979"}],"wp:term":[{"taxonomy":"category","embeddable":true,"href":"https:\/\/zonaroja.com.mx\/index.php?rest_route=%2Fwp%2Fv2%2Fcategories&post=63979"},{"taxonomy":"post_tag","embeddable":true,"href":"https:\/\/zonaroja.com.mx\/index.php?rest_route=%2Fwp%2Fv2%2Ftags&post=63979"}],"curies":[{"name":"wp","href":"https:\/\/api.w.org\/{rel}","templated":true}]}}