{"id":63984,"date":"2024-01-07T08:56:00","date_gmt":"2024-01-07T14:56:00","guid":{"rendered":"http:\/\/www.zonaroja.com.mx\/?p=63984"},"modified":"2024-01-07T07:07:34","modified_gmt":"2024-01-07T13:07:34","slug":"caso-guerrero-fiscalia-dice-que-son-5-masacrados-pobladores-dicen-que-10","status":"publish","type":"post","link":"https:\/\/zonaroja.com.mx\/?p=63984","title":{"rendered":"Caso Guerrero: Fiscal\u00eda dice que son 5 masacrados; pobladores dicen que 10"},"content":{"rendered":"\n<p>Redacci\u00f3n\/Zona Roja Cdmx.<\/p>\n\n\n\n<p>Ciudad de M\u00e9xico, a 7 de enero de 2024.- Despu\u00e9s de m\u00e1s de 48 horas de ocurridos los hechos en Buenavista de los Hurtado, municipio de Heliodoro Castro, la Fiscal\u00eda General del Estado de Guerrero, confirm\u00f3 el hallazgo de cinco cuerpos calcinados en una camioneta y descart\u00f3 que fueran 30 masacrados, como se inform\u00f3.<\/p>\n\n\n\n<p>Sin embargo, de acuerdo con los pobladores, acosados por bandas del crimen organizado, fueron al menos 10 v\u00edctimas, adem\u00e1s de un n\u00famero indeterminado de heridos con armas de grueso calibre y con drones artillados; hasta ayer no hab\u00eda llegado personal del Ej\u00e9rcito Mexicano para resguardar a la localidad.<\/p>\n\n\n\n<p>En tanto, anoche en un palenque del municipio de Pentatl\u00e1n, se registr\u00f3 ayer un ataque armado, con saldo de cinco personas fallecidas y unas 20 lesionadas; horas m\u00e1s tarde, en la ciudad de Chilapa de D\u00edaz, ocurri\u00f3 ora agresi\u00f3n en el barrio El Calvario, donde fueron acribilladas tres mujeres.<\/p>\n\n\n\n<p>\u00bfCU\u00c1NTOS SON?<\/p>\n\n\n\n<p>Ayer por la tarde, la Fiscal\u00eda de Guerrero inform\u00f3 que se abri\u00f3 una investigaci\u00f3n por el homicidio doloso de cinco personas en Buenavista de los Hurtado, municipio de Heliodoro Castillo, luego de que fuera denunciada en redes sociales una masacre en dicha zona de la entidad.<\/p>\n\n\n\n<p>En un comunicado la noche de este s\u00e1bado, la autoridad de Guerrero detall\u00f3 que obtuvo informaci\u00f3n sobre restos \u00f3seos calcinados de cinco personas en un veh\u00edculo incendiado, pero que los restos ya hab\u00edan sido retirados por ciudadanos de Tetela del R\u00edo.<\/p>\n\n\n\n<p>La dependencia indic\u00f3 que ofreci\u00f3 a familiares y habitantes de la localidad presentar la denuncia correspondiente y realizar las pruebas genm\u00e9ticas para comprobar la identidad de las mismas, para generar nuevas l\u00edneas de investigaci\u00f3n, situaci\u00f3n que fue rechazada.<\/p>\n\n\n\n<p>Indic\u00f3 que no se obtuvo informaci\u00f3n respecto a personas heridas, desaparecidas, o privadas de su libertad , para poder establecer la comisi\u00f3n de alg\u00fan delito.<\/p>\n\n\n\n<p>En el comunicado, se indic\u00f3 que el hecho deriv\u00f3 de una confrontaci\u00f3n entre los grupos delincuenciales de \u201cLa Familia Michoacana\u201d y \u201cLos Tlacos\u201d, quienes mantienen una disputa por el control en la zona.<\/p>\n\n\n\n<p>El ataque, ocurrido el pasado jueves en la comunidad de Buenavista de los Hurtado, fue denunciado el viernes por el sacerdote Filiberto Vel\u00e1zquez Florencio, director de la Centro de Derechos Humanos \u201cMinerva Bello\u201d, quien en un primer momento habl\u00f3 de 30 muertos, esto con base en llamadas de auxilio recibidas, pero este d\u00eda corrigi\u00f3 su versi\u00f3n.<\/p>\n\n\n\n<p>(Con informaci\u00f3n de agencias y L\u00f3pez-D\u00f3riga Digital)<\/p>\n","protected":false},"excerpt":{"rendered":"<p>Redacci\u00f3n\/Zona Roja Cdmx. Ciudad de M\u00e9xico, a 7 de enero de 2024.- Despu\u00e9s de m\u00e1s&hellip;<\/p>\n","protected":false},"author":2,"featured_media":63985,"comment_status":"closed","ping_status":"open","sticky":false,"template":"","format":"standard","meta":{"_lmt_disableupdate":"","_lmt_disable":"","_jetpack_memberships_contains_paid_content":false,"footnotes":""},"categories":[109,51],"tags":[80],"class_list":["post-63984","post","type-post","status-publish","format-standard","has-post-thumbnail","hentry","category-minuto-a-minuto","category-zona-roja","tag-guerrero"],"jetpack_featured_media_url":"https:\/\/zonaroja.com.mx\/wp-content\/uploads\/2024\/01\/Ejecutados-y-calcinados-Guerrero-1.tiff","jetpack_sharing_enabled":true,"_links":{"self":[{"href":"https:\/\/zonaroja.com.mx\/index.php?rest_route=\/wp\/v2\/posts\/63984","targetHints":{"allow":["GET"]}}],"collection":[{"href":"https:\/\/zonaroja.com.mx\/index.php?rest_route=\/wp\/v2\/posts"}],"about":[{"href":"https:\/\/zonaroja.com.mx\/index.php?rest_route=\/wp\/v2\/types\/post"}],"author":[{"embeddable":true,"href":"https:\/\/zonaroja.com.mx\/index.php?rest_route=\/wp\/v2\/users\/2"}],"replies":[{"embeddable":true,"href":"https:\/\/zonaroja.com.mx\/index.php?rest_route=%2Fwp%2Fv2%2Fcomments&post=63984"}],"version-history":[{"count":1,"href":"https:\/\/zonaroja.com.mx\/index.php?rest_route=\/wp\/v2\/posts\/63984\/revisions"}],"predecessor-version":[{"id":63986,"href":"https:\/\/zonaroja.com.mx\/index.php?rest_route=\/wp\/v2\/posts\/63984\/revisions\/63986"}],"wp:featuredmedia":[{"embeddable":true,"href":"https:\/\/zonaroja.com.mx\/index.php?rest_route=\/wp\/v2\/media\/63985"}],"wp:attachment":[{"href":"https:\/\/zonaroja.com.mx\/index.php?rest_route=%2Fwp%2Fv2%2Fmedia&parent=63984"}],"wp:term":[{"taxonomy":"category","embeddable":true,"href":"https:\/\/zonaroja.com.mx\/index.php?rest_route=%2Fwp%2Fv2%2Fcategories&post=63984"},{"taxonomy":"post_tag","embeddable":true,"href":"https:\/\/zonaroja.com.mx\/index.php?rest_route=%2Fwp%2Fv2%2Ftags&post=63984"}],"curies":[{"name":"wp","href":"https:\/\/api.w.org\/{rel}","templated":true}]}}