{"id":63991,"date":"2024-01-07T11:00:00","date_gmt":"2024-01-07T17:00:00","guid":{"rendered":"http:\/\/www.zonaroja.com.mx\/?p=63991"},"modified":"2024-01-07T07:18:48","modified_gmt":"2024-01-07T13:18:48","slug":"me-quieren-callarme-arrepiento-de-denunciar-tengo-miedo-senala-victima","status":"publish","type":"post","link":"https:\/\/zonaroja.com.mx\/?p=63991","title":{"rendered":"\u201cMe quieren callar\u2026me arrepiento de denunciar, tengo miedo\u201d, se\u00f1ala v\u00edctima"},"content":{"rendered":"\n<p>Yuridiana Sosa\/Zona Roja.<\/p>\n\n\n\n<p>Oaxaca de Ju\u00e1rez, Oax., a 6 de enero de 2024.- Magda Liliana Altamirano Calder\u00f3n, la v\u00edctima de hostigamiento sexual de Omar N., director del Monte de Piedad, se\u00f1al\u00f3 que la audiencia de vinculaci\u00f3n a proceso de su agresor se pospuso, pero adem\u00e1s que el miedo a ser agredida crece conforme la justicia se retrasa.<\/p>\n\n\n\n<p>La mujer detall\u00f3 que la audiencia que se llevar\u00eda a cabo el 4 de enero, y en la que tambi\u00e9n se acusa al ex director Administrativo de esa instituci\u00f3n, Jos\u00e9 Manuel N., se difiri\u00f3 al no existir las condiciones para que se llevara a cabo.<\/p>\n\n\n\n<p>El caso est\u00e1 asentado en la causa penal 1243\/2023, en la que adem\u00e1s del delito de hostigamiento sexual tambi\u00e9n contempl\u00f3 los delitos de intimidaci\u00f3n&nbsp; con agravante de amenazas, cohecho y coalici\u00f3n de ambos&nbsp; servidores p\u00fablicos.<\/p>\n\n\n\n<p>\u201cComo v\u00edctima quer\u00edan violar mi derecho de participar activamente en la audiencia. Me quieren callar\u201d, manifest\u00f3 Magda Liliana Altamirano en su denuncia p\u00fablica.<\/p>\n\n\n\n<p>La nueva fecha, inform\u00f3, qued\u00f3 fijada para el 18 de marzo, a lo que expres\u00f3: \u201ctengo que vivir dos &nbsp;meses m\u00e1s con miedo. Hoy estoy viva gracias a que todo lo hago p\u00fablico, gracias a ustedes que me leen. Gracias a los medios de comunicaci\u00f3n que me hacen visible\u201d.<\/p>\n\n\n\n<p>Pues la v\u00edctima se\u00f1al\u00f3: \u201cAmenazada ya estoy, de que algo me pasar\u00e1 si no retiro las denuncias.&nbsp; Mi peor error y me arrepiento es haber denunciado\u201d.<\/p>\n\n\n\n<p>Altamirano Calder\u00f3n lament\u00f3 el atraso en el proceso de justicia: \u201cNo hay justicia para las mujeres en Oaxaca. Culpo directamente a la Fiscal\u00eda Especializada para la Atenci\u00f3n a Delitos Contra la Mujer por Raz\u00f3n de G\u00e9nero\u201d.<\/p>\n\n\n\n<p>En ese sentido responsabiliz\u00f3 a la fiscal de G\u00e9nero, Margarita Guzm\u00e1n Corsi, del maltrato y acciones que van contra sus derechos como v\u00edctima, y de su poca capacidad para atender los delitos contra las mujeres, lo que deriva en la impunidad.<\/p>\n\n\n\n<p>Magda Liliana Altamirano Calder\u00f3n denunci\u00f3 de manera p\u00fablica el hostigamiento sexual&nbsp; en junio de 2023, luego del aumento de amenazas en su contra, principalmente para que retirara las denuncias contra los funcionarios, pues un mes antes, en mayo, realiz\u00f3 las denuncias correspondientes ante la Fiscal\u00eda General del Estado, que abri\u00f3 la carpeta de investigaci\u00f3n correspondiente.<\/p>\n","protected":false},"excerpt":{"rendered":"<p>Yuridiana Sosa\/Zona Roja. Oaxaca de Ju\u00e1rez, Oax., a 6 de enero de 2024.- Magda Liliana&hellip;<\/p>\n","protected":false},"author":2,"featured_media":56939,"comment_status":"closed","ping_status":"open","sticky":false,"template":"","format":"standard","meta":{"_lmt_disableupdate":"","_lmt_disable":"","_jetpack_memberships_contains_paid_content":false,"footnotes":""},"categories":[109,47],"tags":[3593],"class_list":["post-63991","post","type-post","status-publish","format-standard","has-post-thumbnail","hentry","category-minuto-a-minuto","category-zona-gris","tag-magda-liliana-altamirano-calderon"],"jetpack_featured_media_url":"https:\/\/zonaroja.com.mx\/wp-content\/uploads\/2023\/06\/Magda-Liliana-Altamirano-Calderon.jpg","jetpack_sharing_enabled":true,"_links":{"self":[{"href":"https:\/\/zonaroja.com.mx\/index.php?rest_route=\/wp\/v2\/posts\/63991","targetHints":{"allow":["GET"]}}],"collection":[{"href":"https:\/\/zonaroja.com.mx\/index.php?rest_route=\/wp\/v2\/posts"}],"about":[{"href":"https:\/\/zonaroja.com.mx\/index.php?rest_route=\/wp\/v2\/types\/post"}],"author":[{"embeddable":true,"href":"https:\/\/zonaroja.com.mx\/index.php?rest_route=\/wp\/v2\/users\/2"}],"replies":[{"embeddable":true,"href":"https:\/\/zonaroja.com.mx\/index.php?rest_route=%2Fwp%2Fv2%2Fcomments&post=63991"}],"version-history":[{"count":1,"href":"https:\/\/zonaroja.com.mx\/index.php?rest_route=\/wp\/v2\/posts\/63991\/revisions"}],"predecessor-version":[{"id":63992,"href":"https:\/\/zonaroja.com.mx\/index.php?rest_route=\/wp\/v2\/posts\/63991\/revisions\/63992"}],"wp:featuredmedia":[{"embeddable":true,"href":"https:\/\/zonaroja.com.mx\/index.php?rest_route=\/wp\/v2\/media\/56939"}],"wp:attachment":[{"href":"https:\/\/zonaroja.com.mx\/index.php?rest_route=%2Fwp%2Fv2%2Fmedia&parent=63991"}],"wp:term":[{"taxonomy":"category","embeddable":true,"href":"https:\/\/zonaroja.com.mx\/index.php?rest_route=%2Fwp%2Fv2%2Fcategories&post=63991"},{"taxonomy":"post_tag","embeddable":true,"href":"https:\/\/zonaroja.com.mx\/index.php?rest_route=%2Fwp%2Fv2%2Ftags&post=63991"}],"curies":[{"name":"wp","href":"https:\/\/api.w.org\/{rel}","templated":true}]}}