{"id":63993,"date":"2024-01-07T12:01:00","date_gmt":"2024-01-07T18:01:00","guid":{"rendered":"http:\/\/www.zonaroja.com.mx\/?p=63993"},"modified":"2024-01-07T16:27:00","modified_gmt":"2024-01-07T22:27:00","slug":"detienen-a-ex-dirigente-del-pri-en-la-cdmx-acusado-de-trata","status":"publish","type":"post","link":"https:\/\/zonaroja.com.mx\/?p=63993","title":{"rendered":"Detienen a ex dirigente del PRI en la Cdmx, acusado de trata"},"content":{"rendered":"\n<p>Redacci\u00f3n\/Zona Roja Cdmx.<\/p>\n\n\n\n<p>Ciudad de M\u00e9xico, a 7 de enero de 2024.- Agentes de investigaci\u00f3n presentaron a Tonatiuh Gonz\u00e1lez, exl\u00edder del PRI en la Ciudad de M\u00e9xico, para rendir declaraci\u00f3n ante la Fiscal\u00eda de Investigaci\u00f3n del Delito de Trata de Personas.<\/p>\n\n\n\n<p>\u201cEs necesario precisar que se trata de una orden de presentaci\u00f3n no de aprehensi\u00f3n, por lo que la persona no se encuentra detenida\u201d, se\u00f1al\u00f3 la autoridad en un comunicado.<\/p>\n\n\n\n<p>\u201cArmando Tonatiuh hab\u00eda sido citado a declarar previamente y fue debidamente notificado en los domicilios que obran en la indagatoria pero no se present\u00f3, por lo que en apego a la facultad con que cuenta el Ministerio P\u00fablico se emiti\u00f3 dicha orden de presentaci\u00f3n\u201d, a\u00f1adi\u00f3.<\/p>\n\n\n\n<p>Previamente, pol\u00edticos opositores aseguraron que Gonz\u00e1lez hab\u00eda sido aprehendido.<\/p>\n\n\n\n<p>A trav\u00e9s de sus redes sociales Alejandro Moreno, presidente nacional del PRI, public\u00f3 un video en el que se observa a un grupo de agentes investigadores de la Fiscal\u00eda de la Ciudad de M\u00e9xico que interceptan al l\u00edder priista capitalino. Gonz\u00e1lez estaba acompa\u00f1ado del presidente del PRI en la Ciudad de M\u00e9xico Israel Betanzos.<\/p>\n\n\n\n<p>Tonatiuh Gonz\u00e1lez fue en su momento se\u00f1alado por presuntamente ser c\u00f3mplice del delito de trata de personas, cometido por quien fuera presidente priista en la Ciudad de M\u00e9xico, Cuauht\u00e9moc Guti\u00e9rrez de la Torre.<\/p>\n\n\n\n<p>(Informaci\u00f3n de \u201cExpansi\u00f3n Pol\u00edtica\u201d)<\/p>\n","protected":false},"excerpt":{"rendered":"<p>Redacci\u00f3n\/Zona Roja Cdmx. Ciudad de M\u00e9xico, a 7 de enero de 2024.- Agentes de investigaci\u00f3n&hellip;<\/p>\n","protected":false},"author":2,"featured_media":63994,"comment_status":"closed","ping_status":"open","sticky":false,"template":"","format":"standard","meta":{"_lmt_disableupdate":"","_lmt_disable":"","_jetpack_memberships_contains_paid_content":false,"footnotes":""},"categories":[109,47],"tags":[],"class_list":["post-63993","post","type-post","status-publish","format-standard","has-post-thumbnail","hentry","category-minuto-a-minuto","category-zona-gris"],"jetpack_featured_media_url":"https:\/\/zonaroja.com.mx\/wp-content\/uploads\/2024\/01\/Tonatihu-Gonzalez-PRI-detenido.webp","jetpack_sharing_enabled":true,"_links":{"self":[{"href":"https:\/\/zonaroja.com.mx\/index.php?rest_route=\/wp\/v2\/posts\/63993","targetHints":{"allow":["GET"]}}],"collection":[{"href":"https:\/\/zonaroja.com.mx\/index.php?rest_route=\/wp\/v2\/posts"}],"about":[{"href":"https:\/\/zonaroja.com.mx\/index.php?rest_route=\/wp\/v2\/types\/post"}],"author":[{"embeddable":true,"href":"https:\/\/zonaroja.com.mx\/index.php?rest_route=\/wp\/v2\/users\/2"}],"replies":[{"embeddable":true,"href":"https:\/\/zonaroja.com.mx\/index.php?rest_route=%2Fwp%2Fv2%2Fcomments&post=63993"}],"version-history":[{"count":2,"href":"https:\/\/zonaroja.com.mx\/index.php?rest_route=\/wp\/v2\/posts\/63993\/revisions"}],"predecessor-version":[{"id":64001,"href":"https:\/\/zonaroja.com.mx\/index.php?rest_route=\/wp\/v2\/posts\/63993\/revisions\/64001"}],"wp:featuredmedia":[{"embeddable":true,"href":"https:\/\/zonaroja.com.mx\/index.php?rest_route=\/wp\/v2\/media\/63994"}],"wp:attachment":[{"href":"https:\/\/zonaroja.com.mx\/index.php?rest_route=%2Fwp%2Fv2%2Fmedia&parent=63993"}],"wp:term":[{"taxonomy":"category","embeddable":true,"href":"https:\/\/zonaroja.com.mx\/index.php?rest_route=%2Fwp%2Fv2%2Fcategories&post=63993"},{"taxonomy":"post_tag","embeddable":true,"href":"https:\/\/zonaroja.com.mx\/index.php?rest_route=%2Fwp%2Fv2%2Ftags&post=63993"}],"curies":[{"name":"wp","href":"https:\/\/api.w.org\/{rel}","templated":true}]}}