{"id":63999,"date":"2024-01-07T13:00:00","date_gmt":"2024-01-07T19:00:00","guid":{"rendered":"http:\/\/www.zonaroja.com.mx\/?p=63999"},"modified":"2024-01-07T08:13:08","modified_gmt":"2024-01-07T14:13:08","slug":"ya-es-hora-que-una-mujer-gobierne-mexico-y-xochitl-es-la-indicada-mvv","status":"publish","type":"post","link":"https:\/\/zonaroja.com.mx\/?p=63999","title":{"rendered":"Ya es hora que una mujer gobierne M\u00e9xico y X\u00f3chitl es la indicada: MVV"},"content":{"rendered":"\n<p>Raymundo Morales\/Zona Roja.<\/p>\n\n\n\n<p>Oaxaca de Ju\u00e1rez, Oax., a 7 de enero de 2024.- El pol\u00edtico oaxaque\u00f1o Mart\u00edn V\u00e1squez Villanueva destac\u00f3 la multitud de personas que acompa\u00f1\u00f3 a X\u00f3chitl G\u00e1lvez Ruiz en su visita a Oaxaca, lo cual demuestra que el PRI y los dem\u00e1s partidos de la coalici\u00f3n est\u00e1n m\u00e1s fuertes que nunca.<\/p>\n\n\n\n<p>\u201cYa es hora que una mujer gobierne este pa\u00eds tan bello, tan grande, y sin duda X\u00f3chitl es sin duda la indicada; en Oaxaca la conocemos muy bien\u201d, dijo en entrevista colectiva.<\/p>\n\n\n\n<p>Acerca del Partido Revolucionario Institucional, detall\u00f3:<\/p>\n\n\n\n<p>\u201cAc\u00e1 est\u00e1 la muestra (en la recepci\u00f3n de la aspirante presidencial), qui\u00e9n dice que el PRI est\u00e1 acabado; aqu\u00ed est\u00e1 un PRI muy fuerte. Es una gran sumatoria, es una gran coalici\u00f3n (con el PAN y el PRD)\u201d, sostuvo.<\/p>\n\n\n\n<p>Y es que el pasado jueves, miles de personas recibieron a X\u00f3chitl G\u00e1lvez en el Centro Hist\u00f3rico de la ciudad de Oaxaca, con una vistosa calenda que recorri\u00f3 varias calles.<\/p>\n\n\n\n<p>Al encuentro acudieron los dirigentes nacionales del PRI, Alejandro Moreno, y del PAN, Marko Cort\u00e9s, quienes corroboraron la simpat\u00eda que tiene X\u00f3chitl G\u00e1lvez en la entidad.<\/p>\n\n\n\n<p>Por otra parte, V\u00e1squez Villanueva se reuni\u00f3 ayer con Consuelo S\u00e1izar, una de las destacadas colaboradoras de la aspirante presidencial por la coalici\u00f3n PAN-PRI-PRD en materia cultural, con quien convers\u00f3 sobre diversos temas.<\/p>\n\n\n\n<p>\u201c\u00a1Gracias, querid\u00edsimo Mart\u00edn por el desayuno, por el recorrido y la conversaci\u00f3n! Tu inteligencia es comparable a tu enorme talento pol\u00edtico\u201d, resalt\u00f3 quien fuera presidenta del Conaculta y del Fondo de Cultura Econ\u00f3mica.<\/p>\n","protected":false},"excerpt":{"rendered":"<p>Raymundo Morales\/Zona Roja. Oaxaca de Ju\u00e1rez, Oax., a 7 de enero de 2024.- El pol\u00edtico&hellip;<\/p>\n","protected":false},"author":2,"featured_media":63968,"comment_status":"closed","ping_status":"open","sticky":false,"template":"","format":"standard","meta":{"_lmt_disableupdate":"","_lmt_disable":"","_jetpack_memberships_contains_paid_content":false,"footnotes":""},"categories":[109,46],"tags":[1582],"class_list":["post-63999","post","type-post","status-publish","format-standard","has-post-thumbnail","hentry","category-minuto-a-minuto","category-zona-blanca","tag-martin-vasquez-villanueva"],"jetpack_featured_media_url":"https:\/\/zonaroja.com.mx\/wp-content\/uploads\/2024\/01\/Martin-Vasquez-y-Xochitl-Galvez.jpg","jetpack_sharing_enabled":true,"_links":{"self":[{"href":"https:\/\/zonaroja.com.mx\/index.php?rest_route=\/wp\/v2\/posts\/63999","targetHints":{"allow":["GET"]}}],"collection":[{"href":"https:\/\/zonaroja.com.mx\/index.php?rest_route=\/wp\/v2\/posts"}],"about":[{"href":"https:\/\/zonaroja.com.mx\/index.php?rest_route=\/wp\/v2\/types\/post"}],"author":[{"embeddable":true,"href":"https:\/\/zonaroja.com.mx\/index.php?rest_route=\/wp\/v2\/users\/2"}],"replies":[{"embeddable":true,"href":"https:\/\/zonaroja.com.mx\/index.php?rest_route=%2Fwp%2Fv2%2Fcomments&post=63999"}],"version-history":[{"count":1,"href":"https:\/\/zonaroja.com.mx\/index.php?rest_route=\/wp\/v2\/posts\/63999\/revisions"}],"predecessor-version":[{"id":64000,"href":"https:\/\/zonaroja.com.mx\/index.php?rest_route=\/wp\/v2\/posts\/63999\/revisions\/64000"}],"wp:featuredmedia":[{"embeddable":true,"href":"https:\/\/zonaroja.com.mx\/index.php?rest_route=\/wp\/v2\/media\/63968"}],"wp:attachment":[{"href":"https:\/\/zonaroja.com.mx\/index.php?rest_route=%2Fwp%2Fv2%2Fmedia&parent=63999"}],"wp:term":[{"taxonomy":"category","embeddable":true,"href":"https:\/\/zonaroja.com.mx\/index.php?rest_route=%2Fwp%2Fv2%2Fcategories&post=63999"},{"taxonomy":"post_tag","embeddable":true,"href":"https:\/\/zonaroja.com.mx\/index.php?rest_route=%2Fwp%2Fv2%2Ftags&post=63999"}],"curies":[{"name":"wp","href":"https:\/\/api.w.org\/{rel}","templated":true}]}}