{"id":64007,"date":"2024-01-07T13:08:00","date_gmt":"2024-01-07T19:08:00","guid":{"rendered":"http:\/\/www.zonaroja.com.mx\/?p=64007"},"modified":"2024-01-07T21:10:25","modified_gmt":"2024-01-08T03:10:25","slug":"hallan-camioneta-acribillada-en-carretera-de-oaxaca-no-localizan-victimas","status":"publish","type":"post","link":"https:\/\/zonaroja.com.mx\/?p=64007","title":{"rendered":"Hallan camioneta acribillada en carretera de Oaxaca; no localizan v\u00edctimas"},"content":{"rendered":"\n<p>Ismael Garc\u00eda M.\/Zona Roja.<\/p>\n\n\n\n<p>Oaxaca de Ju\u00e1rez, Oax., a 7 de enero de 2024.- Una camioneta marca Volkswagen tipo Amarok, color azul, fue hallada con m\u00faltiples impactos de arma de fuego, en la carretera federal Oaxaca-Istmo, a la altura del kil\u00f3metro 64, jurisdicci\u00f3n del municipio de San Dionisio Ocotepec.<\/p>\n\n\n\n<p>La Fiscal\u00eda General del estado de Oaxaca confirm\u00f3 la localizaci\u00f3n y precis\u00f3 que hasta el momento no se ha encontrado alg\u00fan cuerpo; en redes sociales se hab\u00eda mencionado de cuatro v\u00edctimas.<\/p>\n\n\n\n<p>No obstante de acuerdo con informes policiacos preliminares, cerca de las 15:00 horas se localiz\u00f3 la unidad de motor color azul, con placas de circulaci\u00f3n NMC-1000 del Estado de M\u00e9xico, con varios impactos de arma de fuego del lado izquierdo y abundantes manchas hem\u00e1ticas en los asientos delanteros y del lado izquierdo del asiento trasero.<\/p>\n\n\n\n<p>Asimismo, en el piso de la carretera se hallaron probables partes de \u00f3rganos humanos, como masa encef\u00e1lica, adem\u00e1s de varios casquillos percutidos calibre 223 y 9 mil\u00edmetro.<\/p>\n\n\n\n<p>\u201cLa Fiscal\u00eda General del Estado de Oaxaca despleg\u00f3 a un equipo especializado multidisciplinario para realizar las primeras investigaciones en torno a los hechos ocurridos en la carretera Internacional 190, en inmediaciones del kil\u00f3metro 64, en donde fue encontrada una camioneta marca Volkswagen abandonada, la cual tiene impactos de arma de fuego y tambi\u00e9n aseguraron casquillos percutidos.<\/p>\n\n\n\n<p>\u201cAdem\u00e1s que no se localizaron personas sin vida ni heridas. En tanto, contin\u00faan los trabajos ministeriales para fortalecer las investigaciones al respecto\u201d, inform\u00f3 la instituci\u00f3n a trav\u00e9s de sus redes sociales.<\/p>\n","protected":false},"excerpt":{"rendered":"<p>Ismael Garc\u00eda M.\/Zona Roja. Oaxaca de Ju\u00e1rez, Oax., a 7 de enero de 2024.- Una&hellip;<\/p>\n","protected":false},"author":2,"featured_media":64008,"comment_status":"closed","ping_status":"open","sticky":false,"template":"","format":"standard","meta":{"_lmt_disableupdate":"","_lmt_disable":"","_jetpack_memberships_contains_paid_content":false,"footnotes":""},"categories":[109,47],"tags":[1758],"class_list":["post-64007","post","type-post","status-publish","format-standard","has-post-thumbnail","hentry","category-minuto-a-minuto","category-zona-gris","tag-san-dionisio-ocotepec"],"jetpack_featured_media_url":"https:\/\/zonaroja.com.mx\/wp-content\/uploads\/2024\/01\/Camioneta-baleada-acribnillada-San-Dionisio-Ocotepec.jpg","jetpack_sharing_enabled":true,"_links":{"self":[{"href":"https:\/\/zonaroja.com.mx\/index.php?rest_route=\/wp\/v2\/posts\/64007","targetHints":{"allow":["GET"]}}],"collection":[{"href":"https:\/\/zonaroja.com.mx\/index.php?rest_route=\/wp\/v2\/posts"}],"about":[{"href":"https:\/\/zonaroja.com.mx\/index.php?rest_route=\/wp\/v2\/types\/post"}],"author":[{"embeddable":true,"href":"https:\/\/zonaroja.com.mx\/index.php?rest_route=\/wp\/v2\/users\/2"}],"replies":[{"embeddable":true,"href":"https:\/\/zonaroja.com.mx\/index.php?rest_route=%2Fwp%2Fv2%2Fcomments&post=64007"}],"version-history":[{"count":1,"href":"https:\/\/zonaroja.com.mx\/index.php?rest_route=\/wp\/v2\/posts\/64007\/revisions"}],"predecessor-version":[{"id":64009,"href":"https:\/\/zonaroja.com.mx\/index.php?rest_route=\/wp\/v2\/posts\/64007\/revisions\/64009"}],"wp:featuredmedia":[{"embeddable":true,"href":"https:\/\/zonaroja.com.mx\/index.php?rest_route=\/wp\/v2\/media\/64008"}],"wp:attachment":[{"href":"https:\/\/zonaroja.com.mx\/index.php?rest_route=%2Fwp%2Fv2%2Fmedia&parent=64007"}],"wp:term":[{"taxonomy":"category","embeddable":true,"href":"https:\/\/zonaroja.com.mx\/index.php?rest_route=%2Fwp%2Fv2%2Fcategories&post=64007"},{"taxonomy":"post_tag","embeddable":true,"href":"https:\/\/zonaroja.com.mx\/index.php?rest_route=%2Fwp%2Fv2%2Ftags&post=64007"}],"curies":[{"name":"wp","href":"https:\/\/api.w.org\/{rel}","templated":true}]}}