{"id":6401,"date":"2019-12-05T21:47:50","date_gmt":"2019-12-06T03:47:50","guid":{"rendered":"http:\/\/www.zonaroja.com.mx\/?p=6401"},"modified":"2019-12-05T21:47:53","modified_gmt":"2019-12-06T03:47:53","slug":"la-violencia-tampoco-cesa-en-el-istmo-hoy-dos-asaltos-a-comercios","status":"publish","type":"post","link":"https:\/\/zonaroja.com.mx\/?p=6401","title":{"rendered":"La violencia tampoco cesa en el Istmo; hoy dos asaltos a comercios"},"content":{"rendered":"\n<p>Redacci\u00f3n\/Zona Roja.<\/p>\n\n\n\n<p>Foto: Archivo<\/p>\n\n\n\n<p>Oaxaca de Ju\u00e1rez, Oax., 5 de diciembre\nde 2019.- Ante la nula presencia de los polic\u00edas municipales y de personal de\nla Secretar\u00eda de Seguridad P\u00fablica, en la regi\u00f3n del Istmo de Tehuantepec\nfueron asaltadas dos tiendas de conveniencia; otra m\u00e1s en la capital oaxaque\u00f1a.<\/p>\n\n\n\n<p>El primer caso ocurri\u00f3 este jueves por\nla ma\u00f1ana en Juchit\u00e1n de Zaragoza, donde un grupo armado asalt\u00f3 la tienda Oxxo\nubicada en la calle 2 de Abril y Avenida Aldama, del centro de esa ciudad.<\/p>\n\n\n\n<p>Con herramientas forzaron la caja\nfuerte y se llevaron el dinero, tras lo cual huyeron sin que fueran perseguidos\npor la polic\u00eda.<\/p>\n\n\n\n<p>El segundo caso ocurri\u00f3 en Santo\nDomingo Tehuantepec, donde la tarde de hoy al menos dos sujetos provistos de\narmas de fuego asaltaron la tienda \u201cNeto\u201d, ubicada a un lado de la terminal de\nautobuses de primera clase ADO, en la calle Ixtaltepec del barrio Vixhana.<\/p>\n\n\n\n<p>Tras amagar al personal, se apoderaron\ndel dinero de la caja y se dieron a la fuga; polic\u00edas municipales arribaron m\u00e1s\ntarde pero no rastrearon a los ladrones.<\/p>\n\n\n\n<p>Y poco despu\u00e9s de las nueve de la\nnoche, por en\u00e9sima ocasi\u00f3n, fue asaltada una tienda Oxxo en la ciudad de Oaxaca,\n\u00e9sta ubicada en la calzada H\u00e9rores de Chapultepec casi esquina con D\u00edaz\nQuintas, a unos pasos del Hospital de Zona del Instituto Mexicano del Seguro\nSocial.<\/p>\n\n\n\n<p>En este caso a\u00fan no se detalla si hubo\npersonas detenidas o si se tambi\u00e9n huyeron.<\/p>\n","protected":false},"excerpt":{"rendered":"<p>Redacci\u00f3n\/Zona Roja. Foto: Archivo Oaxaca de Ju\u00e1rez, Oax., 5 de diciembre de 2019.- Ante la&hellip;<\/p>\n","protected":false},"author":2,"featured_media":6402,"comment_status":"closed","ping_status":"open","sticky":false,"template":"","format":"standard","meta":{"_lmt_disableupdate":"","_lmt_disable":"","_jetpack_memberships_contains_paid_content":false,"footnotes":""},"categories":[109,51],"tags":[416,123,125],"class_list":["post-6401","post","type-post","status-publish","format-standard","has-post-thumbnail","hentry","category-minuto-a-minuto","category-zona-roja","tag-asaltos-tiendas-oxxo-oaxaca","tag-juchitan-de-zaragoza","tag-santo-domingo-tehuantepec"],"jetpack_featured_media_url":"https:\/\/zonaroja.com.mx\/wp-content\/uploads\/2019\/12\/eZy-Watermark_02-08-2019_09-35-52p.-m..jpg","jetpack_sharing_enabled":true,"_links":{"self":[{"href":"https:\/\/zonaroja.com.mx\/index.php?rest_route=\/wp\/v2\/posts\/6401","targetHints":{"allow":["GET"]}}],"collection":[{"href":"https:\/\/zonaroja.com.mx\/index.php?rest_route=\/wp\/v2\/posts"}],"about":[{"href":"https:\/\/zonaroja.com.mx\/index.php?rest_route=\/wp\/v2\/types\/post"}],"author":[{"embeddable":true,"href":"https:\/\/zonaroja.com.mx\/index.php?rest_route=\/wp\/v2\/users\/2"}],"replies":[{"embeddable":true,"href":"https:\/\/zonaroja.com.mx\/index.php?rest_route=%2Fwp%2Fv2%2Fcomments&post=6401"}],"version-history":[{"count":1,"href":"https:\/\/zonaroja.com.mx\/index.php?rest_route=\/wp\/v2\/posts\/6401\/revisions"}],"predecessor-version":[{"id":6403,"href":"https:\/\/zonaroja.com.mx\/index.php?rest_route=\/wp\/v2\/posts\/6401\/revisions\/6403"}],"wp:featuredmedia":[{"embeddable":true,"href":"https:\/\/zonaroja.com.mx\/index.php?rest_route=\/wp\/v2\/media\/6402"}],"wp:attachment":[{"href":"https:\/\/zonaroja.com.mx\/index.php?rest_route=%2Fwp%2Fv2%2Fmedia&parent=6401"}],"wp:term":[{"taxonomy":"category","embeddable":true,"href":"https:\/\/zonaroja.com.mx\/index.php?rest_route=%2Fwp%2Fv2%2Fcategories&post=6401"},{"taxonomy":"post_tag","embeddable":true,"href":"https:\/\/zonaroja.com.mx\/index.php?rest_route=%2Fwp%2Fv2%2Ftags&post=6401"}],"curies":[{"name":"wp","href":"https:\/\/api.w.org\/{rel}","templated":true}]}}