{"id":64013,"date":"2024-01-08T08:06:05","date_gmt":"2024-01-08T14:06:05","guid":{"rendered":"http:\/\/www.zonaroja.com.mx\/?p=64013"},"modified":"2024-01-08T08:06:06","modified_gmt":"2024-01-08T14:06:06","slug":"opinion-lucha-presidencial-entre-dos-mujeres-quien-ganara","status":"publish","type":"post","link":"https:\/\/zonaroja.com.mx\/?p=64013","title":{"rendered":"Opini\u00f3n. Lucha presidencial, entre dos mujeres; \u00bfqui\u00e9n ganar\u00e1?"},"content":{"rendered":"\n<p>Ismael Garc\u00eda M.\/Zona Roja.<\/p>\n\n\n\n<p>Oaxaca de Ju\u00e1rez, Oax., a 8 de enero de 2024.- Una vez descartada la decena de aspirantes independientes, por no cumplir los requisitos del INE, finalmente la contienda por la Presidencia de la Rep\u00fablica ser\u00e1 entre dos mujeres.<\/p>\n\n\n\n<p>Dos proyectos totalmente distintos, uno el del morenismo, con todo el respaldo de Andr\u00e9s Manuel L\u00f3pez Obrador, dispuesto a dar continuidad a su proyecto llamado Cuarta Transformaci\u00f3n, pese a que el mandatario ha perjurado que se retirar\u00e1 de la vida p\u00fablica una vez que termine el sexenio.<\/p>\n\n\n\n<p>Otro, el de una ind\u00edgena originaria de Hidalgo que ha vencido todos los retos hasta convertirse en una empresaria exitosa, de donde emergi\u00f3 para sumarse a la vida p\u00fablica en el sexenio presidencial panista de Vicente Fox y tras lo cual incursion\u00f3 en la carrera legislativa.<\/p>\n\n\n\n<p>En medio de ambos, un mandatario mexicano empecinado vez tras vez en victimizarse y desacreditar a sus fantasmas de los \u201cconservadores\u201d, y a los medios de comunicaci\u00f3n, en su necedad de perpetuarse en el poder.<\/p>\n\n\n\n<p>\u00bfY qu\u00e9 pasa con Oaxaca? Escenario presuntamente en su mayor\u00eda morenista, pero que paulatinamente empieza a desencantarse de su Presidente y de un partido veleidoso y convenenciero, que ha optado por sumar a los m\u00e1s corruptos de la pol\u00edtica mexicana, con tal de mantenerse en el poder.<\/p>\n\n\n\n<p>FRACASO TRAS FRACASO<\/p>\n\n\n\n<p>El ex priista Ulises Ruiz Ortiz se qued\u00f3 otra vez como eterno fracasado: aspirante a todo y ganador de nada.<\/p>\n\n\n\n<p>La \u00faltima aventura pol\u00edtica del ex gobernador oaxaque\u00f1o fue intentar ser candidato a la Presidencia de la Rep\u00fablica por la v\u00eda independiente.<\/p>\n\n\n\n<p>Pero hasta el actor Eduardo Ver\u00e1stegui logr\u00f3 m\u00e1s votos (165 mil 666) que el ex mandatario, quien apenas logr\u00f3 juntar 90 mil 413 firmas de respaldo, 6.22 por ciento del total que requer\u00eda el Instituto Nacional Electoral para lograr el registro, que es de 961 mil 405 firmas.<\/p>\n\n\n\n<p>Junto con \u00e9l, fueron descartados adem\u00e1s, Ignacio Benavente Torres, C\u00e9sar Enrique Asia\u00edn del Castillo, Mar\u00eda Ofelia Edgar Mares, Fernando Mauricio Jim\u00e9nez Ch\u00e1vez, Roc\u00edo Gabriela Gonz\u00e1lez Casta\u00f1eda, Manuel Antonio Romo Aguirre y Hugo Eric Flores Cervantes, exdirigente del extinto Partido Encuentro Social (PES), todos unos perfectos desconocidos.<\/p>\n\n\n\n<p>As\u00ed que, descartados el Partido Movimiento Ciudadano y ahora los aspirantes independientes, s\u00f3lo quedan dos mujeres.<\/p>\n\n\n\n<p>CLAUDIA D\u00c9BIL<\/p>\n\n\n\n<p>A media precampa\u00f1a, las encuestas \u2014que en su mayor\u00eda son pagadas para que sean favorables al cliente\u2014 se\u00f1alan como favorita a Claudia Sheinbaum, impulsada por el Partido Morena, con el apoyo del PT y del PVEM, aunque estos dos \u00faltimos no signifiquen nada, electoralmente.<\/p>\n\n\n\n<p>Sin embargo, a medida que avanza el proceso electoral 2023-2024 y a medida que se intensifican los recorridos de las aspirantes por el pa\u00eds, la morenista se va decantando.<\/p>\n\n\n\n<p>Tan est\u00e1 bajando su popularidad, que ha tenido que recurrir a m\u00faltiples artima\u00f1as para intentar revertir los negativos en su campa\u00f1a.<\/p>\n\n\n\n<p>Pero no deja de ser una figura acartonada, gris, antip\u00e1tica, a la que todo mundo le ve la cara de L\u00f3pez Obrador, no la de una cient\u00edfica mexicana, ex gobernante de la Ciudad de M\u00e9xico y activista.<\/p>\n\n\n\n<p>Y ola criminal que azota el pa\u00eds acrecienta la animadversi\u00f3n hacia Morena, al considerar que es culpa de L\u00f3pez Obrador.<\/p>\n\n\n\n<p>Un claro ejemplo reciente: las masacres el fin de semana en el estado de Guerrero, gobernado por la morenista Evelyn Salgado (impuesta por su padre, F\u00e9lix Salgado), con seis muertos en un palenque, seis en Buenavista, tres mujeres m\u00e1s en Chilaba.<\/p>\n\n\n\n<p>\u00bfOtro ejemplo reciente? El de Tabasco, gobernado por el morenista Carlos Manuel Merino, donde en un solo d\u00eda se desat\u00f3 una ola de asaltos a comercios con gente con armas de grueso calibre. La v\u00edspera hubo enfrentamientos con el crimen organizado.<\/p>\n\n\n\n<p>Pero el Presidente desde\u00f1\u00f3 y minimiz\u00f3. Atribuy\u00f3 a la prensa, como siempre, que se maximizara los hechos y dijo que eran delitos del fuero com\u00fan; sin embargo, de manera contradictoria, mand\u00f3 el fin de semana a m\u00e1s de dos mil 500 soldados a militar su estado natal.<\/p>\n\n\n\n<p>La imagen otrora positiva del mandatario mexicano, ahora se le est\u00e1 revirtiendo a Claudia Sheinbaum Pardo y seguir\u00e1 con los efectos negativos; tiene adem\u00e1s un equipo de campa\u00f1a que no ve m\u00e1s all\u00e1 del entorno obradorista y no ofrece nada propio.&nbsp;<\/p>\n\n\n\n<p>En su visita reciente a Oaxaca, el pasado 7 de diciembre en Asunci\u00f3n Nochixtl\u00e1n, pas\u00f3 de noche su mitin: con tardanza, con acarreados, con sillas vac\u00edas y luego con prisas.&nbsp;<\/p>\n\n\n\n<p>Tan cr\u00edtica la situaci\u00f3n en su campa\u00f1a, que ha tenido que recurrir a todos los m\u00e9todos priistas del pasado para tratar de allegarse de adeptos. Pero nada le funciona.<\/p>\n\n\n\n<p>\u00bfX\u00d3CHITL FUERTE?<\/p>\n\n\n\n<p>En el caso de X\u00f3chitl G\u00e1lvez, como ya lo hemos rese\u00f1ado, fue el propio Presidente de la Rep\u00fablica quien hizo crecer su figura, a trav\u00e9s de constantes cr\u00edticas a la senadora del PAN, desde el p\u00falpito de las \u201cma\u00f1aneras\u201d.<\/p>\n\n\n\n<p>Y como broche de oro, le cerr\u00f3 las puertas del Palacio Nacional el 12 de junio pasado, cuando ella pretend\u00eda que el Presidente L\u00f3pez Obrador le diera el derecho de r\u00e9plica, previo de lo cual interpuso un amparo.<\/p>\n\n\n\n<p>A partir de ah\u00ed, la figura de la ex colaboradora de Vicente Fox Quesada ha crecido de manera inusitada hasta convertirla en precandidata a la Presidencia de la Rep\u00fablica, y con lo cual resurgi\u00f3 el PAN, aunque en militancia pr\u00e1cticamente no existe, como tampoco el PRD.<\/p>\n\n\n\n<p>El PRI vio en ella la oportunidad de regresar al escenario electoral, tras m\u00faltiples fracasos y Alejandro Moreno hizo lo posible y lo imposible para no tener candidato o candidata propia, para sumarse a X\u00f3chitl.<\/p>\n\n\n\n<p>As\u00ed ha ido creciendo la imagen de la hidalguense con sus constantes recorridos por el pa\u00eds, pero as\u00ed se han ido reincorporando los \u201cdinosaurios\u201d priistas, pese a que muchos de ellos ya se fueron a Morena.<\/p>\n\n\n\n<p>Las encuestas no son tan cre\u00edbles y s\u00f3lo son un acercamiento de un posible escenario electoral; la realidad se refleja entre la gente y al final con los votantes.<\/p>\n\n\n\n<p>Pero llama la atenci\u00f3n, en el caso de Oaxaca, que el pasado jueves se registrara una multitud en la recepci\u00f3n de la panista.<\/p>\n\n\n\n<p>Primero, Alejandro Moreno, dirigente del PRI, lleg\u00f3 una noche antes para seguir poniendo orden en el priismo oaxaque\u00f1o, con la designaci\u00f3n de varios nombramientos de coordinadores territoriales.<\/p>\n\n\n\n<p>Luego X\u00f3chitl G\u00e1lvez arrib\u00f3 a temprana hora para tener un acto, en Santa Luc\u00eda del Camino, por m\u00e1s de cuatro horas; despu\u00e9s se dedic\u00f3 a reuniones pol\u00edticas con su dirigente nacional Marko Cort\u00e9s y por la tarde se incorpor\u00f3 a una tradicional calenda por el Centro Hist\u00f3rico.<\/p>\n\n\n\n<p>Tanta aglomeraci\u00f3n se encontr\u00f3 que hasta hubo empujones y un descalabrado, para llegar hasta el jard\u00edn \u201cEl Pa\u00f1uelito\u201d, donde presidi\u00f3 un mitin.<\/p>\n\n\n\n<p>La realidad rebas\u00f3 las expectativas en que, por cierto, no se vieron las masas panistas, sino las priistas y muy poco de los perredistas.&nbsp;<\/p>\n\n\n\n<p>Se\u00f1al o no de lo que pueden ser los dem\u00e1s actos de campa\u00f1a pero tuvo gente y, curiosamente, contrario a las pr\u00e1cticas ancestrales, no se vieron los \u201cacarreados\u201d ni las tortas y refrescos para la gente que fue.<\/p>\n\n\n\n<p>Evidentemente que con el saldo negativo morenista y con la antipat\u00eda de Claudia Sheinbaum, X\u00f3chitl tiene una ventana de oportunidades para dar la voltereta a Morena y pegar un susto a L\u00f3pez Obrador.<\/p>\n\n\n\n<p>Sin embargo, tiene varios pendientes, entre ellos cambiar de estrategas, pues desde hace varias semanas se ha dedicado solamente a criticar al Presidente, sin ofrecer alternativas o propuestas de gobierno.<\/p>\n\n\n\n<p>En el caso del PRI oaxaque\u00f1o, si bien con Carmelita Ricardez ha resurgido con fuerza, enfrenta a\u00fan una peque\u00f1a rebeli\u00f3n interna, tras la dimisi\u00f3n de Javier Villaca\u00f1a; presuntamente su gente ser\u00eda la que a trav\u00e9s de boletines y redes sociales, ha emitido cr\u00edticas a la actual dirigencia estatal, que ahora s\u00ed tiene el respaldo de Alejandro Moreno.<\/p>\n\n\n\n<p>NO ES INVENCIBLE<\/p>\n\n\n\n<p>Ya dec\u00edamos que Morena no es invencible y lo ha demostrado el propio partido pol\u00edtico y los gobernantes que tiene.<\/p>\n\n\n\n<p>Tan hay miedo y preocupaci\u00f3n de perder la pr\u00f3xima contienda presidencial y la mayor\u00eda en la C\u00e1mara de Diputados y en el Senado de la Rep\u00fablica, que sigue recogiendo lo m\u00e1s rancio y lo m\u00e1s corrupto de la pol\u00edtica mexicana.<\/p>\n\n\n\n<p>En Oaxaca se han dado los claros ejemplos y ah\u00ed est\u00e1 el ex gobernador Alejandro Murat Hinojoso, que pese a los continuos se\u00f1alamientos de su sucesor, Salom\u00f3n Jara Cruz, fue incorporado por el Presidente al morenismo de apoyo a Sheinbaum.<\/p>\n\n\n\n<p>Pese a que hay varios ex funcionarios priistas detenidos, entre ellos quien fuera secretario de las Infraestructuras, se procedi\u00f3 a darle impunidad al hijo del ex gobernador Jos\u00e9 Murat.<\/p>\n\n\n\n<p>El destacado periodista Julio Hern\u00e1ndez lo resumi\u00f3 as\u00ed este lunes, en su columna \u201cAstillero\u201d de \u201cLa Jornada\u201d:<\/p>\n\n\n\n<p>\u201cY, sin embargo, algo extra\u00f1o, o cuando menos fundadamente desalentador se mueve en el proceso que a falta de mejor definici\u00f3n ideol\u00f3gica y program\u00e1tica es llamado \u2018el segundo piso\u2019 de la 4T. Cual si no fuera cierta la ventaja demosc\u00f3pica tan pregonada, como si se estuviera en una situaci\u00f3n electoral muy preocupante que obligara a recurrir a maniobras, alianzas y concesiones tan contradictorias como desesperadas, Morena, es decir Palacio Nacional, es decir Claudia Sheinbaum, est\u00e1n embalados en una involuci\u00f3n pol\u00edtica evidente: al conceder porciones de poder a personajes, grupos e intereses que ni siquiera son los ya insertos con cierta antig\u00fcedad en el morenismo, sino a reci\u00e9n llegados cuyo historial de a\u00f1os, pero tambi\u00e9n de horas cercanas, ha sido ofensor de los principios postulados por ese obradorismo\u201d.<\/p>\n\n\n\n<p>As\u00ed que, el miedo de Morena y el Presidente a la oposici\u00f3n es real y creciente.<\/p>\n","protected":false},"excerpt":{"rendered":"<p>Ismael Garc\u00eda M.\/Zona Roja. Oaxaca de Ju\u00e1rez, Oax., a 8 de enero de 2024.- Una&hellip;<\/p>\n","protected":false},"author":2,"featured_media":41735,"comment_status":"closed","ping_status":"open","sticky":false,"template":"","format":"standard","meta":{"_lmt_disableupdate":"","_lmt_disable":"","_jetpack_memberships_contains_paid_content":false,"footnotes":""},"categories":[456,109,48],"tags":[1353],"class_list":["post-64013","post","type-post","status-publish","format-standard","has-post-thumbnail","hentry","category-columna","category-minuto-a-minuto","category-zona-critica","tag-opinion-zona-critica"],"jetpack_featured_media_url":"https:\/\/zonaroja.com.mx\/wp-content\/uploads\/2022\/05\/Opinion-Ismael-Garcia-M.jpg","jetpack_sharing_enabled":true,"_links":{"self":[{"href":"https:\/\/zonaroja.com.mx\/index.php?rest_route=\/wp\/v2\/posts\/64013","targetHints":{"allow":["GET"]}}],"collection":[{"href":"https:\/\/zonaroja.com.mx\/index.php?rest_route=\/wp\/v2\/posts"}],"about":[{"href":"https:\/\/zonaroja.com.mx\/index.php?rest_route=\/wp\/v2\/types\/post"}],"author":[{"embeddable":true,"href":"https:\/\/zonaroja.com.mx\/index.php?rest_route=\/wp\/v2\/users\/2"}],"replies":[{"embeddable":true,"href":"https:\/\/zonaroja.com.mx\/index.php?rest_route=%2Fwp%2Fv2%2Fcomments&post=64013"}],"version-history":[{"count":1,"href":"https:\/\/zonaroja.com.mx\/index.php?rest_route=\/wp\/v2\/posts\/64013\/revisions"}],"predecessor-version":[{"id":64014,"href":"https:\/\/zonaroja.com.mx\/index.php?rest_route=\/wp\/v2\/posts\/64013\/revisions\/64014"}],"wp:featuredmedia":[{"embeddable":true,"href":"https:\/\/zonaroja.com.mx\/index.php?rest_route=\/wp\/v2\/media\/41735"}],"wp:attachment":[{"href":"https:\/\/zonaroja.com.mx\/index.php?rest_route=%2Fwp%2Fv2%2Fmedia&parent=64013"}],"wp:term":[{"taxonomy":"category","embeddable":true,"href":"https:\/\/zonaroja.com.mx\/index.php?rest_route=%2Fwp%2Fv2%2Fcategories&post=64013"},{"taxonomy":"post_tag","embeddable":true,"href":"https:\/\/zonaroja.com.mx\/index.php?rest_route=%2Fwp%2Fv2%2Ftags&post=64013"}],"curies":[{"name":"wp","href":"https:\/\/api.w.org\/{rel}","templated":true}]}}