{"id":64018,"date":"2024-01-08T12:22:00","date_gmt":"2024-01-08T18:22:00","guid":{"rendered":"http:\/\/www.zonaroja.com.mx\/?p=64018"},"modified":"2024-01-08T08:28:48","modified_gmt":"2024-01-08T14:28:48","slug":"en-los-ultimos-cinco-anos-ha-incrementado-un-20-la-tasa-de-suicidios-inegi","status":"publish","type":"post","link":"https:\/\/zonaroja.com.mx\/?p=64018","title":{"rendered":"En los \u00faltimos cinco a\u00f1os ha incrementado un 20% la tasa de suicidios: Inegi"},"content":{"rendered":"\n<p>Redacci\u00f3n\/Zona Roja Cdmx.<\/p>\n\n\n\n<p>Ciudad de M\u00e9xico, a 8 de enero de 2024.- En M\u00e9xico se ha suscitado un incremento del 20% en las tasas de suicidio juvenil durante los \u00faltimos cinco a\u00f1os, destacando un aumento significativo en la Ciudad de M\u00e9xico.<\/p>\n\n\n\n<p>La vicepresidenta de la Comisi\u00f3n de Juventud del Congreso capitalino, Frida Guill\u00e9n Ortiz, ha planteado la necesidad de una agenda de salud espec\u00edfica para identificar y abordar las conductas suicidas entre la poblaci\u00f3n juvenil.<\/p>\n\n\n\n<p>Seg\u00fan datos del Instituto Nacional de Estad\u00edstica y Geograf\u00eda (Inegi), la tasa de suicidio entre j\u00f3venes de 15 a 19 a\u00f1os pas\u00f3 de 6.9 por cada 100 mil habitantes en 2016 a 7.7 en 2022, evidenciando una tendencia preocupante.<\/p>\n\n\n\n<p>Guill\u00e9n Ortiz ha solicitado la colaboraci\u00f3n entre el gobierno de la Ciudad de M\u00e9xico y la Secretar\u00eda de Salud federal para desarrollar estrategias efectivas de detecci\u00f3n de conductas suicidas entre los j\u00f3venes.<\/p>\n\n\n\n<p>La legisladora, miembro del PAN en el Congreso capitalino, ha enfatizado la necesidad de acciones profundas en pol\u00edticas p\u00fablicas, desechando enfoques tradicionales como la distribuci\u00f3n de estampitas o pulseritas.<\/p>\n\n\n\n<p>Propone una coordinaci\u00f3n efectiva entre la Secretar\u00eda de Salud, la Secretar\u00eda de Educaci\u00f3n P\u00fablica y las instituciones educativas para abordar el problema de manera integral.<\/p>\n\n\n\n<p>\u201cFOCOS ROJOS\u201d<\/p>\n\n\n\n<p>Guill\u00e9n Ortiz destac\u00f3 que la Secretar\u00eda de Educaci\u00f3n P\u00fablica (SEP) ha se\u00f1alado que la pandemia de Covid-19 ha contribuido al aumento del suicidio juvenil. La inestabilidad emocional generada por factores familiares y financieros ha endurecido la problem\u00e1tica.<\/p>\n\n\n\n<p>Las estad\u00edsticas del Instituto de Ciencias Forenses de la Ciudad de M\u00e9xico indican un aumento constante en los suicidios, registrando 609 casos en 2020, 630 en 2021 y 667 en 2022. Guill\u00e9n Ortiz resalta la necesidad de que el gobierno aborde las causas fundamentales de este problema, dejando de lado los ataques medi\u00e1ticos.<\/p>\n\n\n\n<p>A nivel nacional, las cifras revelan una tendencia preocupante en las muertes por suicidio en M\u00e9xico. Entre 2017 y 2022, la tasa aument\u00f3 de 5.3 a 6.3 por cada 100 mil habitantes, totalizando 8,123 suicidios en 2022, un incremento de 1,629 con respecto a 2017.<\/p>\n\n\n\n<p>En 2020, el pa\u00eds experiment\u00f3 un aumento de 673 suicidios, con un promedio de 22 personas quit\u00e1ndose la vida diariamente. Aunque la tasa de suicidios en M\u00e9xico (6.1 por cada 100,000 habitantes) es inferior a la media mundial (9.25 por cada 100,000 habitantes), sigue siendo una problem\u00e1tica de relevancia.<\/p>\n\n\n\n<p>En 2021, se registraron 8,447 suicidios consumados, siendo m\u00e1s comunes en j\u00f3venes de 18 a 29 a\u00f1os y en hombres. Estas cifras indican la aplicaci\u00f3n de medidas preventivas y pol\u00edticas de salud mental espec\u00edficas para revertir los suicidios juveniles en el pa\u00eds.<\/p>\n","protected":false},"excerpt":{"rendered":"<p>Redacci\u00f3n\/Zona Roja Cdmx. Ciudad de M\u00e9xico, a 8 de enero de 2024.- En M\u00e9xico se&hellip;<\/p>\n","protected":false},"author":2,"featured_media":19321,"comment_status":"closed","ping_status":"open","sticky":false,"template":"","format":"standard","meta":{"_lmt_disableupdate":"","_lmt_disable":"","_jetpack_memberships_contains_paid_content":false,"footnotes":""},"categories":[109,47],"tags":[],"class_list":["post-64018","post","type-post","status-publish","format-standard","has-post-thumbnail","hentry","category-minuto-a-minuto","category-zona-gris"],"jetpack_featured_media_url":"https:\/\/zonaroja.com.mx\/wp-content\/uploads\/2020\/10\/Suicidio-mujer.jpg","jetpack_sharing_enabled":true,"_links":{"self":[{"href":"https:\/\/zonaroja.com.mx\/index.php?rest_route=\/wp\/v2\/posts\/64018","targetHints":{"allow":["GET"]}}],"collection":[{"href":"https:\/\/zonaroja.com.mx\/index.php?rest_route=\/wp\/v2\/posts"}],"about":[{"href":"https:\/\/zonaroja.com.mx\/index.php?rest_route=\/wp\/v2\/types\/post"}],"author":[{"embeddable":true,"href":"https:\/\/zonaroja.com.mx\/index.php?rest_route=\/wp\/v2\/users\/2"}],"replies":[{"embeddable":true,"href":"https:\/\/zonaroja.com.mx\/index.php?rest_route=%2Fwp%2Fv2%2Fcomments&post=64018"}],"version-history":[{"count":1,"href":"https:\/\/zonaroja.com.mx\/index.php?rest_route=\/wp\/v2\/posts\/64018\/revisions"}],"predecessor-version":[{"id":64019,"href":"https:\/\/zonaroja.com.mx\/index.php?rest_route=\/wp\/v2\/posts\/64018\/revisions\/64019"}],"wp:featuredmedia":[{"embeddable":true,"href":"https:\/\/zonaroja.com.mx\/index.php?rest_route=\/wp\/v2\/media\/19321"}],"wp:attachment":[{"href":"https:\/\/zonaroja.com.mx\/index.php?rest_route=%2Fwp%2Fv2%2Fmedia&parent=64018"}],"wp:term":[{"taxonomy":"category","embeddable":true,"href":"https:\/\/zonaroja.com.mx\/index.php?rest_route=%2Fwp%2Fv2%2Fcategories&post=64018"},{"taxonomy":"post_tag","embeddable":true,"href":"https:\/\/zonaroja.com.mx\/index.php?rest_route=%2Fwp%2Fv2%2Ftags&post=64018"}],"curies":[{"name":"wp","href":"https:\/\/api.w.org\/{rel}","templated":true}]}}