{"id":64020,"date":"2024-01-08T11:28:00","date_gmt":"2024-01-08T17:28:00","guid":{"rendered":"http:\/\/www.zonaroja.com.mx\/?p=64020"},"modified":"2024-01-08T08:32:15","modified_gmt":"2024-01-08T14:32:15","slug":"periodismo-especializado-es-tema-del-conversatorio-2024","status":"publish","type":"post","link":"https:\/\/zonaroja.com.mx\/?p=64020","title":{"rendered":"Periodismo Especializado, es tema del Conversatorio 2024"},"content":{"rendered":"\n<p>Redacci\u00f3n\/Zona Roja.<\/p>\n\n\n\n<p>Oaxaca de Ju\u00e1rez, Oax., a 8 de enero de 2024.- La importancia de la especializaci\u00f3n es el eje del Conversatorio de Periodismo 2024, que inicia en su segunda etapa, del 9 de enero al 16 de febrero, los martes y jueves, a partir de las 18 horas en la Sala \u201cArcelia&nbsp;Ya\u00f1\u00edz\u201d, de la Casa de la Cultura de Oaxaca.<\/p>\n\n\n\n<p>El periodismo contempor\u00e1neo se enfrenta a un panorama complejo y en constante evoluci\u00f3n. En medio de esta din\u00e1mica, la especializaci\u00f3n se convierte en un pilar fundamental para la calidad y relevancia de la informaci\u00f3n,&nbsp;afirma los organizadores de este encuentro period\u00edstico&nbsp;en&nbsp;un comunicado de prensa.<\/p>\n\n\n\n<p>La profundizaci\u00f3n en \u00e1reas espec\u00edficas no solo enriquece la narrativa, sino que tambi\u00e9n fortalece la credibilidad y la objetividad de las historias contadas, a\u00f1adi\u00f3.<\/p>\n\n\n\n<p>Francisco J. S\u00e1nchez, Wilfrido L\u00f3pez Torres y&nbsp;Antonio Guti\u00e9rrez&nbsp;Sumano,&nbsp;periodistas de&nbsp;probada experiencia, sostienen&nbsp;que la especializaci\u00f3n fomenta un enfoque riguroso en la verificaci\u00f3n de datos y la precisi\u00f3n en la presentaci\u00f3n de la informaci\u00f3n. \u201cLos periodistas especializados est\u00e1n mejor equipados para identificar desinformaci\u00f3n o interpretaciones incorrectas en su campo, lo que reduce la propagaci\u00f3n de noticias falsas y asegura una cobertura precisa y fundamentada\u201d.<\/p>\n\n\n\n<p>Sobre la adaptaci\u00f3n a la era digital en la cual vivimos actualmente, la especializaci\u00f3n se vuelve a\u00fan m\u00e1s relevante. Los lectores buscan contenido espec\u00edfico y de calidad, y los periodistas especializados pueden llenar este espacio con informaci\u00f3n detallada y relevante. Adem\u00e1s, &nbsp;permite una mejor comprensi\u00f3n de las herramientas digitales y su aplicaci\u00f3n en el campo del periodismo, reiteran<\/p>\n\n\n\n<p>Los&nbsp;organizadores alientan&nbsp;a&nbsp;los comunicadores a participar en este encuentro, sobre todo a los&nbsp;estudiantes&nbsp;que cursan sus estudios en Ciencias de la Comunicaci\u00f3n o Periodismo, a participar en esta segunda jornada con entrada libre en un total de 10 sesiones, m\u00e1s la clausura y una exposici\u00f3n fotogr\u00e1fica.<\/p>\n\n\n\n<p>El Primer Conversatorio 2023, \u00bfPara qu\u00e9&nbsp;sirve el periodismo?, se realiz\u00f3 del 3 de octubre al 17 de noviembre en la Casa de la Cultura Oaxaque\u00f1a, que dirige la&nbsp;bi\u00f3loga&nbsp;Sara Orozco Mart\u00ednez,&nbsp;y cont\u00f3 la participaci\u00f3n de destacados periodistas que vertieron sus conocimientos sobre diversos g\u00e9neros y en diversos medios informativos.<\/p>\n","protected":false},"excerpt":{"rendered":"<p>Redacci\u00f3n\/Zona Roja. Oaxaca de Ju\u00e1rez, Oax., a 8 de enero de 2024.- La importancia de&hellip;<\/p>\n","protected":false},"author":2,"featured_media":64021,"comment_status":"closed","ping_status":"open","sticky":false,"template":"","format":"standard","meta":{"_lmt_disableupdate":"","_lmt_disable":"","_jetpack_memberships_contains_paid_content":false,"footnotes":""},"categories":[109,46],"tags":[],"class_list":["post-64020","post","type-post","status-publish","format-standard","has-post-thumbnail","hentry","category-minuto-a-minuto","category-zona-blanca"],"jetpack_featured_media_url":"https:\/\/zonaroja.com.mx\/wp-content\/uploads\/2024\/01\/Periodismo-periodista-reporteros.jpg","jetpack_sharing_enabled":true,"_links":{"self":[{"href":"https:\/\/zonaroja.com.mx\/index.php?rest_route=\/wp\/v2\/posts\/64020","targetHints":{"allow":["GET"]}}],"collection":[{"href":"https:\/\/zonaroja.com.mx\/index.php?rest_route=\/wp\/v2\/posts"}],"about":[{"href":"https:\/\/zonaroja.com.mx\/index.php?rest_route=\/wp\/v2\/types\/post"}],"author":[{"embeddable":true,"href":"https:\/\/zonaroja.com.mx\/index.php?rest_route=\/wp\/v2\/users\/2"}],"replies":[{"embeddable":true,"href":"https:\/\/zonaroja.com.mx\/index.php?rest_route=%2Fwp%2Fv2%2Fcomments&post=64020"}],"version-history":[{"count":1,"href":"https:\/\/zonaroja.com.mx\/index.php?rest_route=\/wp\/v2\/posts\/64020\/revisions"}],"predecessor-version":[{"id":64022,"href":"https:\/\/zonaroja.com.mx\/index.php?rest_route=\/wp\/v2\/posts\/64020\/revisions\/64022"}],"wp:featuredmedia":[{"embeddable":true,"href":"https:\/\/zonaroja.com.mx\/index.php?rest_route=\/wp\/v2\/media\/64021"}],"wp:attachment":[{"href":"https:\/\/zonaroja.com.mx\/index.php?rest_route=%2Fwp%2Fv2%2Fmedia&parent=64020"}],"wp:term":[{"taxonomy":"category","embeddable":true,"href":"https:\/\/zonaroja.com.mx\/index.php?rest_route=%2Fwp%2Fv2%2Fcategories&post=64020"},{"taxonomy":"post_tag","embeddable":true,"href":"https:\/\/zonaroja.com.mx\/index.php?rest_route=%2Fwp%2Fv2%2Ftags&post=64020"}],"curies":[{"name":"wp","href":"https:\/\/api.w.org\/{rel}","templated":true}]}}