{"id":64023,"date":"2024-01-08T13:32:00","date_gmt":"2024-01-08T19:32:00","guid":{"rendered":"http:\/\/www.zonaroja.com.mx\/?p=64023"},"modified":"2024-01-08T08:33:28","modified_gmt":"2024-01-08T14:33:28","slug":"asegura-gaza-que-murieron-dos-periodistas-por-ataque-israeli","status":"publish","type":"post","link":"https:\/\/zonaroja.com.mx\/?p=64023","title":{"rendered":"Asegura Gaza que murieron dos periodistas, por ataque israel\u00ed\u00a0"},"content":{"rendered":"\n<p>Redacci\u00f3n\/Zona Roja Cdmx.<\/p>\n\n\n\n<p>Ciudad de M\u00e9xico, a 8 de enero de 2024.- El Ministerio de Salud de Hamas afirm\u00f3 este domingo que dos periodistas palestinos murieron en un bombardeo israel\u00ed en la Franja de Gaza.<\/p>\n\n\n\n<p>Mustafa Thuria, un camar\u00f3grafo independiente que trabajaba para la agencia AFP, y Hamza Wael Dahdouh, reportero del canal catar\u00ed Al Jazeera, murieron cuando circulaban en un veh\u00edculo, indicaron el ministerio y rescatistas.<\/p>\n\n\n\n<p>La AFP solicit\u00f3 una reacci\u00f3n del ej\u00e9rcito israel\u00ed y los militares respondieron pidiendo las \u00abcoordenadas\u00bb geogr\u00e1ficas del lugar del ataque.<\/p>\n\n\n\n<p>En un comunicado, la cadena Al Jazeera conden\u00f3 \u00aben\u00e9rgicamente el ataque perpetrado esta ma\u00f1ana por las fuerzas de ocupaci\u00f3n israel\u00edes contra el veh\u00edculo de unos periodistas palestinos\u00bb.<\/p>\n\n\n\n<p>El padre de Hamza, Wael al Dahdouh, redactor jefe de la oficina de Al Jazeera en la Franja de Gaza, fue herido recientemente en un bombardeo.<\/p>\n\n\n\n<p>La esposa y otros dos hijos de Wael al Dahdouh murieron en un ataque israel\u00ed en las primeras semanas de la guerra.<\/p>\n\n\n\n<p>\u00abHamza era todo para m\u00ed\u00bb, declar\u00f3 Dahdouh tras enterarse de la muerte de su hijo.<\/p>\n\n\n\n<p>\u00abEspero que la sangre de mi hijo Hamza sea la \u00faltima derramada por los periodistas y la poblaci\u00f3n de la Franja de Gaza\u00bb, a\u00f1adi\u00f3.<\/p>\n\n\n\n<p>Las im\u00e1genes muestran a Dahdouh en llanto abrazando al cad\u00e1ver de su hijo en un hospital, rodeado de otros periodistas y de sus familiares.<\/p>\n\n\n\n<p>Thuria, de unos 30 a\u00f1os, trabajaba como independiente para la Agence France-Presse desde 2019 y tambi\u00e9n colaboraba con otros medios incluyendo AP, Reuters, Al Jazeera y CNN, seg\u00fan sus colegas de AFP.<\/p>\n\n\n\n<p>Los reporteros hab\u00edan ido a filmar el bombardeo de una casa en Rafah, en el sur de Gaza, y su veh\u00edculo fue alcanzado cuando regresaban.<\/p>\n\n\n\n<p>El secretario general de la oeneg\u00e9 Reporteros Sin Fronteras (RSF), Christophe Deloire, expres\u00f3 su conmoci\u00f3n por las muertes.<\/p>\n\n\n\n<p>\u00abEstamos conmocionados por la noticia de la muerte en Gaza\u00bb de Moustafa Thuraya y Hamza Wael Dahdouh, dijo en su cuenta de la red social X. \u00abAl parecer, un ataque israel\u00ed alcanz\u00f3 su coche. Definitivamente es una matanza interminable\u00bb.<\/p>\n\n\n\n<p>La guerra entre Israel y Hamas estall\u00f3 el 7 de octubre tras un ataque de los combatientes del movimiento islamista palestino en territorio israel\u00ed que dej\u00f3 unos mil 140 muertos, seg\u00fan un registro de la AFP basado en cifras de las autoridades israel\u00edes.<\/p>\n\n\n\n<p>La ofensiva que Israel lanz\u00f3 en Gaza en represalia ha dejado de momento al menos 22 mil 835 muertos, en su mayor\u00eda civiles, seg\u00fan el Ministerio de Salud de Hamas, que gobierna este territorio palestino desde 2007.<\/p>\n\n\n\n<p>Entre el 7 de octubre y el 31 de diciembre, al menos 77 periodistas y trabajadores de los medios de comunicaci\u00f3n han muerto, seg\u00fan el Comit\u00e9 para la Protecci\u00f3n de los Periodistas, con sede en Nueva York.<\/p>\n\n\n\n<p>De los 77 reporteros muertos, 70 eran palestinos, cuatro israel\u00edes y tres libaneses.<\/p>\n\n\n\n<p>La oficina de prensa de Hamas expres\u00f3 en un comunicado su \u00abcondena al atroz crimen cometido por el ej\u00e9rcito de ocupaci\u00f3n israel\u00ed en un intento de intimidar (a los periodistas) e impedir la cobertura medi\u00e1tica\u201d.<\/p>\n\n\n\n<p>(Informaci\u00f3n de AFP en \u201cLa Jornada\u201d)<\/p>\n","protected":false},"excerpt":{"rendered":"<p>Redacci\u00f3n\/Zona Roja Cdmx. Ciudad de M\u00e9xico, a 8 de enero de 2024.- El Ministerio de&hellip;<\/p>\n","protected":false},"author":2,"featured_media":60953,"comment_status":"closed","ping_status":"open","sticky":false,"template":"","format":"standard","meta":{"_lmt_disableupdate":"","_lmt_disable":"","_jetpack_memberships_contains_paid_content":false,"footnotes":""},"categories":[109,47],"tags":[2668],"class_list":["post-64023","post","type-post","status-publish","format-standard","has-post-thumbnail","hentry","category-minuto-a-minuto","category-zona-gris","tag-conflicto-gaza-israel"],"jetpack_featured_media_url":"https:\/\/zonaroja.com.mx\/wp-content\/uploads\/2023\/10\/Periodistas-asesinados-Israel-Gaza.jpeg","jetpack_sharing_enabled":true,"_links":{"self":[{"href":"https:\/\/zonaroja.com.mx\/index.php?rest_route=\/wp\/v2\/posts\/64023","targetHints":{"allow":["GET"]}}],"collection":[{"href":"https:\/\/zonaroja.com.mx\/index.php?rest_route=\/wp\/v2\/posts"}],"about":[{"href":"https:\/\/zonaroja.com.mx\/index.php?rest_route=\/wp\/v2\/types\/post"}],"author":[{"embeddable":true,"href":"https:\/\/zonaroja.com.mx\/index.php?rest_route=\/wp\/v2\/users\/2"}],"replies":[{"embeddable":true,"href":"https:\/\/zonaroja.com.mx\/index.php?rest_route=%2Fwp%2Fv2%2Fcomments&post=64023"}],"version-history":[{"count":1,"href":"https:\/\/zonaroja.com.mx\/index.php?rest_route=\/wp\/v2\/posts\/64023\/revisions"}],"predecessor-version":[{"id":64024,"href":"https:\/\/zonaroja.com.mx\/index.php?rest_route=\/wp\/v2\/posts\/64023\/revisions\/64024"}],"wp:featuredmedia":[{"embeddable":true,"href":"https:\/\/zonaroja.com.mx\/index.php?rest_route=\/wp\/v2\/media\/60953"}],"wp:attachment":[{"href":"https:\/\/zonaroja.com.mx\/index.php?rest_route=%2Fwp%2Fv2%2Fmedia&parent=64023"}],"wp:term":[{"taxonomy":"category","embeddable":true,"href":"https:\/\/zonaroja.com.mx\/index.php?rest_route=%2Fwp%2Fv2%2Fcategories&post=64023"},{"taxonomy":"post_tag","embeddable":true,"href":"https:\/\/zonaroja.com.mx\/index.php?rest_route=%2Fwp%2Fv2%2Ftags&post=64023"}],"curies":[{"name":"wp","href":"https:\/\/api.w.org\/{rel}","templated":true}]}}