{"id":64030,"date":"2024-01-08T18:01:34","date_gmt":"2024-01-09T00:01:34","guid":{"rendered":"http:\/\/www.zonaroja.com.mx\/?p=64030"},"modified":"2024-01-08T18:01:36","modified_gmt":"2024-01-09T00:01:36","slug":"tardio-arrepentimiento-de-saymi-pineda-sobre-albergue-con-que-lleva-su-nombre","status":"publish","type":"post","link":"https:\/\/zonaroja.com.mx\/?p=64030","title":{"rendered":"Tard\u00edo \u201carrepentimiento\u201d de Saymi Pineda sobre albergue con que lleva su nombre"},"content":{"rendered":"\n<p>Yuridiana Sosa\/Zona Roja.<\/p>\n\n\n\n<p>Oaxaca de Ju\u00e1rez, Oax., 8 de enero de 2024.- Una semana despu\u00e9s de la inauguraci\u00f3n de un albergue en San Pedro Pochutla que lleva su nombre, y tras ser exhibida en redes sociales y medios de comunicaci\u00f3n, &nbsp;la secretaria de Turismo de Oaxaca, Saymi Pineda Velasco, muestra oposici\u00f3n para que dicha obra mantenga su nombre.<\/p>\n\n\n\n<p>A trav\u00e9s de un comunicado, la secretaria neg\u00f3 aprobar dicha decisi\u00f3n tomada por la asamblea local de la agencia de San Pedro Cafetitl\u00e1n, de San Pedro Pochutla, por lo que desconoc\u00eda sobre el nombramiento, el cual conoci\u00f3 hasta el momento de la inauguraci\u00f3n.<\/p>\n\n\n\n<p>\u201cRespecto al uso de su nombre para denominar a dicho albergue, la funcionario se\u00f1al\u00f3 que desconoc\u00eda que la asamblea local hab\u00eda tomado esta decisi\u00f3n cuando fue invitada por las autoridades a la inauguraci\u00f3n de las instalaciones y se enter\u00f3 hasta el momento de la develaci\u00f3n de la placa\u201d, se inform\u00f3 en el texto aclaratorio.<\/p>\n\n\n\n<p>En el comunicado, Pineda Velasco, ex alcaldesa de San Pedro Pochutla, &nbsp;agradeci\u00f3 la distinci\u00f3n, pero de acuerdo a lo establecido en el decreto de la Ley de Obras P\u00fablicas y Servicios Relacionados al Estado, -que proh\u00edbe que las obras p\u00fablicas lleven nombre de funcionarios- propuso a la comunidad y autoridades cambiar el nombre.<\/p>\n\n\n\n<p>Velasco Pineda plante\u00f3 que dicho albergue lleve el nombre de M\u00f3nica Ortiz \u00c1lvarez, &nbsp;la primera astronauta an\u00e1loga oaxaque\u00f1a y comandante de la primera misi\u00f3n latinoamericana de investigaci\u00f3n an\u00e1loga de Marte.<\/p>\n\n\n\n<p>Sin embargo, la funcionaria estatal mostr\u00f3 arrepentimiento por dicha situaci\u00f3n tras ser criticada en redes sociales en la primera semana de enero, aunque la obra se inaugur\u00f3 el 30 de diciembre.<\/p>\n\n\n\n<p>A trav\u00e9s de sus redes sociales, la secretaria de Turismo y ex presidenta municipal de San Pedro Pochutla, presumi\u00f3 de dicha obra.<\/p>\n\n\n\n<p>\u201cHoy tuve el honor de asistir a la inauguraci\u00f3n del albergue comunitario de San Pedro Cafetitl\u00e1n, agencia de San Pedro Pochutla\u201d<\/p>\n\n\n\n<p>El texto continu\u00f3: \u201cEste proyecto solicitado por la poblaci\u00f3n para protegerse de los desastres naturales, inici\u00f3 durante mi periodo como presidenta municipal y ha continuado hasta hoy, con la apertura de un espacio multifuncional con capacidad para 200 personas\u201d.<\/p>\n\n\n\n<p>En dicha publicaci\u00f3n dijo: \u201cDebo agregar que fue para m\u00ed una gran sorpresa la develaci\u00f3n de una placa que da mi nombre al albergue, me honra profundamente y agradezco este reconocimiento\u201d. Sin que de forma oficial manifestara alguna oposici\u00f3n.<\/p>\n\n\n\n<p>Mientras que la placa inaugural cuenta con la leyenda: \u201cAlbergue multifuncional Mtra. Saymi A Pineda Velasco. Agente municipal Lic. No\u00e9 Garc\u00eda Garc\u00eda; Tesorera Yolanda Ruiz Silva\u201d.<\/p>\n","protected":false},"excerpt":{"rendered":"<p>Yuridiana Sosa\/Zona Roja. Oaxaca de Ju\u00e1rez, Oax., 8 de enero de 2024.- Una semana despu\u00e9s&hellip;<\/p>\n","protected":false},"author":2,"featured_media":64031,"comment_status":"closed","ping_status":"open","sticky":false,"template":"","format":"standard","meta":{"_lmt_disableupdate":"","_lmt_disable":"","_jetpack_memberships_contains_paid_content":false,"footnotes":""},"categories":[109,47],"tags":[2714],"class_list":["post-64030","post","type-post","status-publish","format-standard","has-post-thumbnail","hentry","category-minuto-a-minuto","category-zona-gris","tag-saymi-pineda-velasco"],"jetpack_featured_media_url":"https:\/\/zonaroja.com.mx\/wp-content\/uploads\/2024\/01\/Saymi-Pineda-Cafetitlan-Pochutla.jpeg","jetpack_sharing_enabled":true,"_links":{"self":[{"href":"https:\/\/zonaroja.com.mx\/index.php?rest_route=\/wp\/v2\/posts\/64030","targetHints":{"allow":["GET"]}}],"collection":[{"href":"https:\/\/zonaroja.com.mx\/index.php?rest_route=\/wp\/v2\/posts"}],"about":[{"href":"https:\/\/zonaroja.com.mx\/index.php?rest_route=\/wp\/v2\/types\/post"}],"author":[{"embeddable":true,"href":"https:\/\/zonaroja.com.mx\/index.php?rest_route=\/wp\/v2\/users\/2"}],"replies":[{"embeddable":true,"href":"https:\/\/zonaroja.com.mx\/index.php?rest_route=%2Fwp%2Fv2%2Fcomments&post=64030"}],"version-history":[{"count":1,"href":"https:\/\/zonaroja.com.mx\/index.php?rest_route=\/wp\/v2\/posts\/64030\/revisions"}],"predecessor-version":[{"id":64032,"href":"https:\/\/zonaroja.com.mx\/index.php?rest_route=\/wp\/v2\/posts\/64030\/revisions\/64032"}],"wp:featuredmedia":[{"embeddable":true,"href":"https:\/\/zonaroja.com.mx\/index.php?rest_route=\/wp\/v2\/media\/64031"}],"wp:attachment":[{"href":"https:\/\/zonaroja.com.mx\/index.php?rest_route=%2Fwp%2Fv2%2Fmedia&parent=64030"}],"wp:term":[{"taxonomy":"category","embeddable":true,"href":"https:\/\/zonaroja.com.mx\/index.php?rest_route=%2Fwp%2Fv2%2Fcategories&post=64030"},{"taxonomy":"post_tag","embeddable":true,"href":"https:\/\/zonaroja.com.mx\/index.php?rest_route=%2Fwp%2Fv2%2Ftags&post=64030"}],"curies":[{"name":"wp","href":"https:\/\/api.w.org\/{rel}","templated":true}]}}