{"id":64033,"date":"2024-01-08T18:12:55","date_gmt":"2024-01-09T00:12:55","guid":{"rendered":"http:\/\/www.zonaroja.com.mx\/?p=64033"},"modified":"2024-01-08T18:12:58","modified_gmt":"2024-01-09T00:12:58","slug":"reves-a-morena-y-sheinbaum-rechazan-ratificacion-de-ernestina-godoy-como-fiscal","status":"publish","type":"post","link":"https:\/\/zonaroja.com.mx\/?p=64033","title":{"rendered":"Rev\u00e9s a Morena y Sheinbaum: rechazan ratificaci\u00f3n de Ernestina Godoy como fiscal"},"content":{"rendered":"\n<p>Redacci\u00f3n\/Zona Roja Cdmx.<\/p>\n\n\n\n<p>Ciudad de M\u00e9xico, a 8 de enero de 2024.- Con 41 votos a favor y 25 en contra, el Poder Legislativo local rechaz\u00f3 la ratificaci\u00f3n de Ernestina Godoy como titular de la Fiscal\u00eda General de la Ciudad de M\u00e9xico, al no lograr la mayor\u00eda calificada.<\/p>\n\n\n\n<p>Morena y sus aliados quedaron a tres votos de lograr la permanencia, pues requer\u00edan de 44 de 66 votos a favor para la aprobaci\u00f3n de la ratificaci\u00f3n de Godoy.<\/p>\n\n\n\n<p>Tras emitirse la resoluci\u00f3n, legisladores del PAN celebraron el rechazo a la ratificaci\u00f3n de la fiscal Ernestina Godoy, su periodo termina este 9 de enero.<\/p>\n\n\n\n<p>Las diputadas M\u00f3nica Fern\u00e1ndez y Wesly Chantal Jim\u00e9nez, del PRI, sorprendieron al votar a favor de la ratificaci\u00f3n de Ernestina Godoy.&nbsp;<\/p>\n\n\n\n<p>Luego de ello, el dirigente nacional del Partido Revolucionario Institucional, Alejandro Moreno, anunci\u00f3 la expulsi\u00f3n del partido de las legisladoras.<\/p>\n\n\n\n<p>\u00abQuiero informarles que solicitaremos ante la Comisi\u00f3n de Justicia Partidaria del @PRI_Nacional se inicie un proceso de expulsi\u00f3n a las dos diputadas locales del PRI en la Ciudad de M\u00e9xico, que votaron de forma contraria a lo dictado por la Comisi\u00f3n Pol\u00edtica Permanente\u00bb, inform\u00f3.<\/p>\n\n\n\n<p>La sesi\u00f3n de este lunes en el Congreso se realiza bajo resguardo de unos 60 elementos de la Secretar\u00eda de Seguridad Ciudadana; al exterior se colocaron unos 300 manifestantes en los accesos de diversas calles.<\/p>\n\n\n\n<p>Por su parte, Mart\u00ed Batres, jefe de Gobierno, rechaz\u00f3 que el atentado contra una diputada local del PRI tenga que ver con el gobierno de la Cdmx y afirm\u00f3 que ya se abri\u00f3 una investigaci\u00f3n sobre los hechos. Neg\u00f3 las acusaciones del presidente nacional del PRI, Alejandro Moreno, sobre intimidaci\u00f3n en contra de diputados locales del PRI. \u201cNos somos iguales.<\/p>\n\n\n\n<p>\u00abEstos no son los tiempos del halconazo y la represi\u00f3n que caracterizaron al viejo r\u00e9gimen priista\u00bb, public\u00f3 en su cuenta de X (antes Twitter).<\/p>\n","protected":false},"excerpt":{"rendered":"<p>Redacci\u00f3n\/Zona Roja Cdmx. Ciudad de M\u00e9xico, a 8 de enero de 2024.- Con 41 votos&hellip;<\/p>\n","protected":false},"author":2,"featured_media":64034,"comment_status":"closed","ping_status":"open","sticky":false,"template":"","format":"standard","meta":{"_lmt_disableupdate":"","_lmt_disable":"","_jetpack_memberships_contains_paid_content":false,"footnotes":""},"categories":[109,47],"tags":[3728],"class_list":["post-64033","post","type-post","status-publish","format-standard","has-post-thumbnail","hentry","category-minuto-a-minuto","category-zona-gris","tag-ernestina-godoy"],"jetpack_featured_media_url":"https:\/\/zonaroja.com.mx\/wp-content\/uploads\/2024\/01\/Ernestina-Godoy.jpg","jetpack_sharing_enabled":true,"_links":{"self":[{"href":"https:\/\/zonaroja.com.mx\/index.php?rest_route=\/wp\/v2\/posts\/64033","targetHints":{"allow":["GET"]}}],"collection":[{"href":"https:\/\/zonaroja.com.mx\/index.php?rest_route=\/wp\/v2\/posts"}],"about":[{"href":"https:\/\/zonaroja.com.mx\/index.php?rest_route=\/wp\/v2\/types\/post"}],"author":[{"embeddable":true,"href":"https:\/\/zonaroja.com.mx\/index.php?rest_route=\/wp\/v2\/users\/2"}],"replies":[{"embeddable":true,"href":"https:\/\/zonaroja.com.mx\/index.php?rest_route=%2Fwp%2Fv2%2Fcomments&post=64033"}],"version-history":[{"count":1,"href":"https:\/\/zonaroja.com.mx\/index.php?rest_route=\/wp\/v2\/posts\/64033\/revisions"}],"predecessor-version":[{"id":64035,"href":"https:\/\/zonaroja.com.mx\/index.php?rest_route=\/wp\/v2\/posts\/64033\/revisions\/64035"}],"wp:featuredmedia":[{"embeddable":true,"href":"https:\/\/zonaroja.com.mx\/index.php?rest_route=\/wp\/v2\/media\/64034"}],"wp:attachment":[{"href":"https:\/\/zonaroja.com.mx\/index.php?rest_route=%2Fwp%2Fv2%2Fmedia&parent=64033"}],"wp:term":[{"taxonomy":"category","embeddable":true,"href":"https:\/\/zonaroja.com.mx\/index.php?rest_route=%2Fwp%2Fv2%2Fcategories&post=64033"},{"taxonomy":"post_tag","embeddable":true,"href":"https:\/\/zonaroja.com.mx\/index.php?rest_route=%2Fwp%2Fv2%2Ftags&post=64033"}],"curies":[{"name":"wp","href":"https:\/\/api.w.org\/{rel}","templated":true}]}}