{"id":64039,"date":"2024-01-08T21:09:02","date_gmt":"2024-01-09T03:09:02","guid":{"rendered":"http:\/\/www.zonaroja.com.mx\/?p=64039"},"modified":"2024-01-08T21:09:03","modified_gmt":"2024-01-09T03:09:03","slug":"mujeres-entre-ellas-una-oaxaquena-tripulan-por-primera-vez-una-aeronave","status":"publish","type":"post","link":"https:\/\/zonaroja.com.mx\/?p=64039","title":{"rendered":"Mujeres, entre ellas una oaxaque\u00f1a, tripulan por primera vez una aeronave"},"content":{"rendered":"\n<p>Redacci\u00f3n\/Zona Roja Cdmx.<\/p>\n\n\n\n<p>Ciudad de M\u00e9xico, a 8 de enero de 2024.- La Secretar\u00eda de Marina (Semar) inform\u00f3 que el pasado jueves 4 de enero se llev\u00f3 a cabo el primer vuelo de uno de sus aviones Texan T-6C+ con tripulaci\u00f3n completamente femenina, en una operaci\u00f3n t\u00e1ctico militar.<br>El vuelo fue tripulado completamente por las tenientes de Corbeta, F\u00e1tima Nahomi Gonz\u00e1lez Cort\u00e9s y Diana Laura Olivares Cruz, ambas de 26 a\u00f1os de edad, originarias de Oaxaca, Oaxaca y Papantla, Veracruz, respectivamente, con poco m\u00e1s de ocho a\u00f1os de servicio, egresadas de la Ingenier\u00eda Aeronaval en la Universidad Naval de la Semar.<br>Se trat\u00f3 de un vuelo de vigilancia en apoyo al \u201cPlan Marina: Operaci\u00f3n Salvavidas Invierno 2023\u201d, llevado a cabo en las principales playas del estado de Tamaulipas.<br>\u201cEs importante mencionar que la participaci\u00f3n de las mujeres navales y su inclusi\u00f3n en la Secretar\u00eda de Marina-Armada de M\u00e9xico, es indispensable para el desarrollo pleno de las atribuciones que tiene asignadas esta Instituci\u00f3n, asumiendo el fortalecimiento de la perspectiva de g\u00e9nero con la misi\u00f3n de promover igualdad de oportunidades en el ejercicio de sus derechos, con el fin de lograr la armonizaci\u00f3n de su vida y la consolidaci\u00f3n de su desarrollo personal y profesional\u201d, se\u00f1al\u00f3 la Armada.<\/p>\n\n\n\n<p>(Informaci\u00f3n de \u201cLa Jornada\u201d)<\/p>\n","protected":false},"excerpt":{"rendered":"<p>Redacci\u00f3n\/Zona Roja Cdmx. Ciudad de M\u00e9xico, a 8 de enero de 2024.- La Secretar\u00eda de&hellip;<\/p>\n","protected":false},"author":2,"featured_media":64041,"comment_status":"closed","ping_status":"open","sticky":false,"template":"","format":"standard","meta":{"_lmt_disableupdate":"","_lmt_disable":"","_jetpack_memberships_contains_paid_content":false,"footnotes":""},"categories":[109,46],"tags":[3801],"class_list":["post-64039","post","type-post","status-publish","format-standard","has-post-thumbnail","hentry","category-minuto-a-minuto","category-zona-blanca","tag-fatima-nahomi-gonzalez-cortes"],"jetpack_featured_media_url":"https:\/\/zonaroja.com.mx\/wp-content\/uploads\/2024\/01\/Piloto-aviador-oaxaquena.jpg","jetpack_sharing_enabled":true,"_links":{"self":[{"href":"https:\/\/zonaroja.com.mx\/index.php?rest_route=\/wp\/v2\/posts\/64039","targetHints":{"allow":["GET"]}}],"collection":[{"href":"https:\/\/zonaroja.com.mx\/index.php?rest_route=\/wp\/v2\/posts"}],"about":[{"href":"https:\/\/zonaroja.com.mx\/index.php?rest_route=\/wp\/v2\/types\/post"}],"author":[{"embeddable":true,"href":"https:\/\/zonaroja.com.mx\/index.php?rest_route=\/wp\/v2\/users\/2"}],"replies":[{"embeddable":true,"href":"https:\/\/zonaroja.com.mx\/index.php?rest_route=%2Fwp%2Fv2%2Fcomments&post=64039"}],"version-history":[{"count":1,"href":"https:\/\/zonaroja.com.mx\/index.php?rest_route=\/wp\/v2\/posts\/64039\/revisions"}],"predecessor-version":[{"id":64042,"href":"https:\/\/zonaroja.com.mx\/index.php?rest_route=\/wp\/v2\/posts\/64039\/revisions\/64042"}],"wp:featuredmedia":[{"embeddable":true,"href":"https:\/\/zonaroja.com.mx\/index.php?rest_route=\/wp\/v2\/media\/64041"}],"wp:attachment":[{"href":"https:\/\/zonaroja.com.mx\/index.php?rest_route=%2Fwp%2Fv2%2Fmedia&parent=64039"}],"wp:term":[{"taxonomy":"category","embeddable":true,"href":"https:\/\/zonaroja.com.mx\/index.php?rest_route=%2Fwp%2Fv2%2Fcategories&post=64039"},{"taxonomy":"post_tag","embeddable":true,"href":"https:\/\/zonaroja.com.mx\/index.php?rest_route=%2Fwp%2Fv2%2Ftags&post=64039"}],"curies":[{"name":"wp","href":"https:\/\/api.w.org\/{rel}","templated":true}]}}