{"id":64043,"date":"2024-01-08T21:26:07","date_gmt":"2024-01-09T03:26:07","guid":{"rendered":"http:\/\/www.zonaroja.com.mx\/?p=64043"},"modified":"2024-01-08T21:26:09","modified_gmt":"2024-01-09T03:26:09","slug":"julio-astillero-nominado-a-mejor-cobertura-informativa-de-los-premios-esland","status":"publish","type":"post","link":"https:\/\/zonaroja.com.mx\/?p=64043","title":{"rendered":"Julio Astillero, nominado a Mejor cobertura informativa de los Premios ESLAND"},"content":{"rendered":"\n<p>Redacci\u00f3n\/Zona Roja Cdmx.<\/p>\n\n\n\n<p>Ciudad de M\u00e9xico, a 8 de enero de 2024.- El canal de Julio Astillero fue nominado a los Premios ESLAND en la categor\u00eda de Mejor cobertura informativa.<\/p>\n\n\n\n<p>Este domingo, el equivalente a los \u00d3scar del cine y a los Grammy de la m\u00fasica, los Premios ESLAND \u2013acr\u00f3nimo de Espa\u00f1a, Latinoam\u00e9rica y Andorra\u2013, nominaron al canal de YouTube de Julio Astillero a la Mejor cobertura informativa de 2023, \u00fanico canal de origen mexicano en esta categor\u00eda.<\/p>\n\n\n\n<p>Dicha cobertura pudo ser realizada en las \u00e1reas de Cr\u00f3nica social, Pol\u00edtica, Videojuegos y Salseo.&nbsp;<\/p>\n\n\n\n<p>Adem\u00e1s, seg\u00fan los criterios de la iniciativa creada por el youtuber TheGrefg para reconocer la creaci\u00f3n de contenido en streaming de la comunidad hispanohablante, las plataformas participantes son Twitch, YouTube y Kikck.<\/p>\n\n\n\n<p>Asimismo, la nominaci\u00f3n fue el resultado de las horas visualizadas m\u00e1s el promedio de viewers (espectadores), contando con un m\u00ednimo de 300 horas emitidas durante el 2023. Aunado a lo anterior, el canal debe ser personal.<\/p>\n\n\n\n<p>Quienes deseen apoyar el proyecto de Julio Astillero, podr\u00e1n votar a partir de este lunes 8 de enero a las 11:00 horas (M\u00e9xico) en premiosesland.com. Las votaciones cierran el pr\u00f3ximo 14 de enero a las 17:00 horas (M\u00e9xico).\u2002<\/p>\n\n\n\n<p>A continuaci\u00f3n, la lista completa de nominados:<\/p>\n\n\n\n<p>Davooxeneize<\/p>\n\n\n\n<p>El Yuste<\/p>\n\n\n\n<p>Flavidazzaro<\/p>\n\n\n\n<p>Gerarg Romero<\/p>\n\n\n\n<p>Julio Astillero<\/p>\n\n\n\n<p>Jaramafan<\/p>\n\n\n\n<p>KMO<\/p>\n\n\n\n<p>Lacobraaa<\/p>\n\n\n\n<p>Lasectadeportiva<\/p>\n\n\n\n<p>(Informaci\u00f3n de Julio Astillero)<\/p>\n","protected":false},"excerpt":{"rendered":"<p>Redacci\u00f3n\/Zona Roja Cdmx. Ciudad de M\u00e9xico, a 8 de enero de 2024.- El canal de&hellip;<\/p>\n","protected":false},"author":2,"featured_media":64040,"comment_status":"closed","ping_status":"open","sticky":false,"template":"","format":"standard","meta":{"_lmt_disableupdate":"","_lmt_disable":"","_jetpack_memberships_contains_paid_content":false,"footnotes":""},"categories":[109,46],"tags":[3802],"class_list":["post-64043","post","type-post","status-publish","format-standard","has-post-thumbnail","hentry","category-minuto-a-minuto","category-zona-blanca","tag-julio-hernandez-astillero"],"jetpack_featured_media_url":"https:\/\/zonaroja.com.mx\/wp-content\/uploads\/2024\/01\/Premio-Julio-Astillero.jpg.webp","jetpack_sharing_enabled":true,"_links":{"self":[{"href":"https:\/\/zonaroja.com.mx\/index.php?rest_route=\/wp\/v2\/posts\/64043","targetHints":{"allow":["GET"]}}],"collection":[{"href":"https:\/\/zonaroja.com.mx\/index.php?rest_route=\/wp\/v2\/posts"}],"about":[{"href":"https:\/\/zonaroja.com.mx\/index.php?rest_route=\/wp\/v2\/types\/post"}],"author":[{"embeddable":true,"href":"https:\/\/zonaroja.com.mx\/index.php?rest_route=\/wp\/v2\/users\/2"}],"replies":[{"embeddable":true,"href":"https:\/\/zonaroja.com.mx\/index.php?rest_route=%2Fwp%2Fv2%2Fcomments&post=64043"}],"version-history":[{"count":1,"href":"https:\/\/zonaroja.com.mx\/index.php?rest_route=\/wp\/v2\/posts\/64043\/revisions"}],"predecessor-version":[{"id":64044,"href":"https:\/\/zonaroja.com.mx\/index.php?rest_route=\/wp\/v2\/posts\/64043\/revisions\/64044"}],"wp:featuredmedia":[{"embeddable":true,"href":"https:\/\/zonaroja.com.mx\/index.php?rest_route=\/wp\/v2\/media\/64040"}],"wp:attachment":[{"href":"https:\/\/zonaroja.com.mx\/index.php?rest_route=%2Fwp%2Fv2%2Fmedia&parent=64043"}],"wp:term":[{"taxonomy":"category","embeddable":true,"href":"https:\/\/zonaroja.com.mx\/index.php?rest_route=%2Fwp%2Fv2%2Fcategories&post=64043"},{"taxonomy":"post_tag","embeddable":true,"href":"https:\/\/zonaroja.com.mx\/index.php?rest_route=%2Fwp%2Fv2%2Ftags&post=64043"}],"curies":[{"name":"wp","href":"https:\/\/api.w.org\/{rel}","templated":true}]}}