{"id":64048,"date":"2024-01-09T08:30:00","date_gmt":"2024-01-09T14:30:00","guid":{"rendered":"http:\/\/www.zonaroja.com.mx\/?p=64048"},"modified":"2024-01-09T07:22:23","modified_gmt":"2024-01-09T13:22:23","slug":"matan-a-individuo-en-putla-villa-de-guerrero-hay-una-mujer-herida","status":"publish","type":"post","link":"https:\/\/zonaroja.com.mx\/?p=64048","title":{"rendered":"Matan a individuo en Putla Villa de Guerrero; hay una mujer herida"},"content":{"rendered":"\n<p>Redacci\u00f3n\/Zona Roja.<\/p>\n\n\n\n<p>Oaxaca de Ju\u00e1rez, Oax., a 9 de enero de 2024.- Un individuo asesinado y una mujer lesionada es el saldo de una agresi\u00f3n armada ocurrida anoche en Putla Villa de Guerrero, municipio de la regi\u00f3n Sierra Sur de Oaxaca.<\/p>\n\n\n\n<p>De acuerdo con los primeros reportes policiacos, el ataque ocurri\u00f3 en el centro de dicha demarcaci\u00f3n, durante las festividades patronales, que congregaron a cientos de personas.<\/p>\n\n\n\n<p>Las v\u00edctimas fueron identificadas como Gaspar D., originario de San Miguel Copala, y Dalia \u201cN\u201d, quien convalece en el hospital 30 Camas de Putla.<\/p>\n\n\n\n<p>Pese a la multitud en la zona, no hab\u00eda polic\u00edas municipales cerca, por lo cual el o los agresores lograron darse a la fuga. Personal de la Fiscal\u00eda General del Estado de Oaxaca inici\u00f3 la carpeta de investigaci\u00f3n correspondiente.<\/p>\n\n\n\n<p>ASALTO<\/p>\n\n\n\n<p>Por otra parte, una tienda trasnacional fue baleada ayer por la tarde en Mat\u00edas Romero Avenda\u00f1o, municipio de la zona norte del Istmo de Tehuantepec.<\/p>\n\n\n\n<p>Se trata de la tienda Auto Zone, ubicada a un costado de la carretera Trans\u00edstmica.<\/p>\n\n\n\n<p>Sujetos armados descendieron de una unidad de motor y accionaron sus armas de fuego en contra del inmueble, lo cual no dej\u00f3 personas lesionadas o fallecidas.<\/p>\n\n\n\n<p>Sin embargo, a pesar de la luz del d\u00eda, de nueva cuenta no hubo personas detenidas; la Vicefiscal\u00eda Regional del Istmo indaga el caso.<\/p>\n","protected":false},"excerpt":{"rendered":"<p>Redacci\u00f3n\/Zona Roja. Oaxaca de Ju\u00e1rez, Oax., a 9 de enero de 2024.- Un individuo asesinado&hellip;<\/p>\n","protected":false},"author":2,"featured_media":64049,"comment_status":"closed","ping_status":"open","sticky":false,"template":"","format":"standard","meta":{"_lmt_disableupdate":"","_lmt_disable":"","_jetpack_memberships_contains_paid_content":false,"footnotes":""},"categories":[109,51],"tags":[969],"class_list":["post-64048","post","type-post","status-publish","format-standard","has-post-thumbnail","hentry","category-minuto-a-minuto","category-zona-roja","tag-putla-villa-de-guerrero"],"jetpack_featured_media_url":"https:\/\/zonaroja.com.mx\/wp-content\/uploads\/2024\/01\/Asesinato-Putla-Villa-de-Guerrero.jpg","jetpack_sharing_enabled":true,"_links":{"self":[{"href":"https:\/\/zonaroja.com.mx\/index.php?rest_route=\/wp\/v2\/posts\/64048","targetHints":{"allow":["GET"]}}],"collection":[{"href":"https:\/\/zonaroja.com.mx\/index.php?rest_route=\/wp\/v2\/posts"}],"about":[{"href":"https:\/\/zonaroja.com.mx\/index.php?rest_route=\/wp\/v2\/types\/post"}],"author":[{"embeddable":true,"href":"https:\/\/zonaroja.com.mx\/index.php?rest_route=\/wp\/v2\/users\/2"}],"replies":[{"embeddable":true,"href":"https:\/\/zonaroja.com.mx\/index.php?rest_route=%2Fwp%2Fv2%2Fcomments&post=64048"}],"version-history":[{"count":1,"href":"https:\/\/zonaroja.com.mx\/index.php?rest_route=\/wp\/v2\/posts\/64048\/revisions"}],"predecessor-version":[{"id":64050,"href":"https:\/\/zonaroja.com.mx\/index.php?rest_route=\/wp\/v2\/posts\/64048\/revisions\/64050"}],"wp:featuredmedia":[{"embeddable":true,"href":"https:\/\/zonaroja.com.mx\/index.php?rest_route=\/wp\/v2\/media\/64049"}],"wp:attachment":[{"href":"https:\/\/zonaroja.com.mx\/index.php?rest_route=%2Fwp%2Fv2%2Fmedia&parent=64048"}],"wp:term":[{"taxonomy":"category","embeddable":true,"href":"https:\/\/zonaroja.com.mx\/index.php?rest_route=%2Fwp%2Fv2%2Fcategories&post=64048"},{"taxonomy":"post_tag","embeddable":true,"href":"https:\/\/zonaroja.com.mx\/index.php?rest_route=%2Fwp%2Fv2%2Ftags&post=64048"}],"curies":[{"name":"wp","href":"https:\/\/api.w.org\/{rel}","templated":true}]}}