{"id":64051,"date":"2024-01-09T09:30:00","date_gmt":"2024-01-09T15:30:00","guid":{"rendered":"http:\/\/www.zonaroja.com.mx\/?p=64051"},"modified":"2024-01-09T08:09:53","modified_gmt":"2024-01-09T14:09:53","slug":"preven-en-tribunal-revocar-sentencia-contra-jara-cruz-por-dichos-sobre-galvez","status":"publish","type":"post","link":"https:\/\/zonaroja.com.mx\/?p=64051","title":{"rendered":"Prev\u00e9n en Tribunal revocar sentencia contra Jara Cruz por dichos sobre G\u00e1lvez"},"content":{"rendered":"\n<p>Redacci\u00f3n\/Zona Roja Cdmx.<\/p>\n\n\n\n<p>Ciudad de M\u00e9xico, a 9 de enero de 2024.- El magistrado del Tribunal Electoral del Poder Judicial de la Federaci\u00f3n (TEPJF), Felipe de la Mata Piza\u00f1a, perfila revocar la sentencia de la Sala Regional Especializada en contra del gobernador de Oaxaca, Salom\u00f3n Jara Cruz, d\u00f3nde se determin\u00f3 que vulner\u00f3 la neutralidad e imparcialidad en la contienda electoral por calificar de clasista y racista a X\u00f3chitl G\u00e1lvez Ruiz cuando declar\u00f3 que en el sur del pa\u00eds no trabajan ocho horas diarias.<\/p>\n\n\n\n<p>El proyecto del magistrado ser\u00e1 discutido en la sesi\u00f3n del pr\u00f3ximo mi\u00e9rcoles, el cual plantea que el gobernador no vulner\u00f3 los principios de neutralidad e imparcialidad en la contienda porque no hizo un llamado expl\u00edcito de votar en contra de la aspirante G\u00e1lvez Ruiz.<\/p>\n\n\n\n<p>En noviembre del a\u00f1o pasado, la Sala Regional Especializada resolvi\u00f3 que el mandatario estatal se excedi\u00f3 en sus comentarios contra la precandidata del entonces Frente Amplio por M\u00e9xico durante una conferencia de prensa que ofreci\u00f3 en su estado, los cuales s\u00ed violaban principios electorales por tratarse de un servidor p\u00fablico.<\/p>\n\n\n\n<p>Sin embargo, el proyecto que propondr\u00e1 el magistrado Felipe de la Mata, el cual se public\u00f3 el pasado jueves, asegura que el an\u00e1lisis efectuado por dicha sala del TEPJF fue deficiente y por ello \u201clo procedente es revocar de manera lisa y llana la resoluci\u00f3n impugnada ante la Sala Superior.<\/p>\n\n\n\n<p>El magistrado consider\u00f3 que los servidores p\u00fablicos como el gobernador Jara Cruz deben tener cuidado en materia electoral, pero tambi\u00e9n tienen libertad de expresi\u00f3n siempre y cuando sus cr\u00edticas o posiciones \u201cno se traduzcan en un llamado expreso o impl\u00edcito al voto\u201d.<\/p>\n\n\n\n<p>El pleno de la Sala Regional Especializada asever\u00f3 que las manifestaciones del mandatario estatal fueron realizadas con el prop\u00f3sito de influir en la voluntad de la ciudadan\u00eda para optar por una fuerza pol\u00edtica. Pero el magistrado de la Mata Piza\u00f1a argumenta que se trata de un debate pol\u00edtico y de contrastes de ideolog\u00edas, por lo que propondr\u00e1 revocar \u201clisa y llanamente la sentencia impugnada\u201d.<\/p>\n\n\n\n<p>(Informaci\u00f3n de \u201cLa Jornada\u201d)<\/p>\n","protected":false},"excerpt":{"rendered":"<p>Redacci\u00f3n\/Zona Roja Cdmx. Ciudad de M\u00e9xico, a 9 de enero de 2024.- El magistrado del&hellip;<\/p>\n","protected":false},"author":2,"featured_media":48638,"comment_status":"closed","ping_status":"open","sticky":false,"template":"","format":"standard","meta":{"_lmt_disableupdate":"","_lmt_disable":"","_jetpack_memberships_contains_paid_content":false,"footnotes":""},"categories":[109,46],"tags":[939],"class_list":["post-64051","post","type-post","status-publish","format-standard","has-post-thumbnail","hentry","category-minuto-a-minuto","category-zona-blanca","tag-salomon-jara-cruz"],"jetpack_featured_media_url":"https:\/\/zonaroja.com.mx\/wp-content\/uploads\/2022\/11\/Salomon-Jara-C.jpg","jetpack_sharing_enabled":true,"_links":{"self":[{"href":"https:\/\/zonaroja.com.mx\/index.php?rest_route=\/wp\/v2\/posts\/64051","targetHints":{"allow":["GET"]}}],"collection":[{"href":"https:\/\/zonaroja.com.mx\/index.php?rest_route=\/wp\/v2\/posts"}],"about":[{"href":"https:\/\/zonaroja.com.mx\/index.php?rest_route=\/wp\/v2\/types\/post"}],"author":[{"embeddable":true,"href":"https:\/\/zonaroja.com.mx\/index.php?rest_route=\/wp\/v2\/users\/2"}],"replies":[{"embeddable":true,"href":"https:\/\/zonaroja.com.mx\/index.php?rest_route=%2Fwp%2Fv2%2Fcomments&post=64051"}],"version-history":[{"count":1,"href":"https:\/\/zonaroja.com.mx\/index.php?rest_route=\/wp\/v2\/posts\/64051\/revisions"}],"predecessor-version":[{"id":64052,"href":"https:\/\/zonaroja.com.mx\/index.php?rest_route=\/wp\/v2\/posts\/64051\/revisions\/64052"}],"wp:featuredmedia":[{"embeddable":true,"href":"https:\/\/zonaroja.com.mx\/index.php?rest_route=\/wp\/v2\/media\/48638"}],"wp:attachment":[{"href":"https:\/\/zonaroja.com.mx\/index.php?rest_route=%2Fwp%2Fv2%2Fmedia&parent=64051"}],"wp:term":[{"taxonomy":"category","embeddable":true,"href":"https:\/\/zonaroja.com.mx\/index.php?rest_route=%2Fwp%2Fv2%2Fcategories&post=64051"},{"taxonomy":"post_tag","embeddable":true,"href":"https:\/\/zonaroja.com.mx\/index.php?rest_route=%2Fwp%2Fv2%2Ftags&post=64051"}],"curies":[{"name":"wp","href":"https:\/\/api.w.org\/{rel}","templated":true}]}}