{"id":64056,"date":"2024-01-09T11:30:00","date_gmt":"2024-01-09T17:30:00","guid":{"rendered":"http:\/\/www.zonaroja.com.mx\/?p=64056"},"modified":"2024-01-09T08:04:23","modified_gmt":"2024-01-09T14:04:23","slug":"colaboracion-institucional-de-respeto-acuerdan-titulares-del-ejecutivo-y-del-judicial","status":"publish","type":"post","link":"https:\/\/zonaroja.com.mx\/?p=64056","title":{"rendered":"Colaboraci\u00f3n institucional de respeto, acuerdan titulares del Ejecutivo y del Judicial"},"content":{"rendered":"\n<p>Redacci\u00f3n\/Zona Roja.<\/p>\n\n\n\n<p>Oaxaca de Ju\u00e1rez, Oax., a 9 de enero de 2024.- La titular del Poder Judicial del Estado, magistrada Berenice Ram\u00edrez Jim\u00e9nez,&nbsp;quien recientemente asumi\u00f3 este cargo,&nbsp;sostuvo la primera reuni\u00f3n de acercamiento con el gobernador Salom\u00f3n Jara Cruz,&nbsp;donde le reiter\u00f3 su compromiso de mantener la cooperaci\u00f3n y coordinaci\u00f3n entre ambos Poderes P\u00fablicos con respeto y autonom\u00eda para mejorar la impartici\u00f3n de justicia en beneficio de la sociedad.<\/p>\n\n\n\n<p>La presidenta&nbsp;del Tribunal Superior de Justicia y del Consejo de la Judicatura, intercambi\u00f3 puntos de vista con el mandatario estatal&nbsp;sobre diferentes temas de actualidad y la disposici\u00f3n de trabajar en equipo&nbsp;por el bienestar del&nbsp;estado.<\/p>\n\n\n\n<p>Coincidieron en&nbsp;que la colaboraci\u00f3n entre los tres Poderes del Estado, constituye una condici\u00f3n b\u00e1sica para servir con mayor eficiencia a la sociedad, en un contexto de paz y armon\u00eda, que contribuya al estado de Derecho.<\/p>\n\n\n\n<p>La&nbsp;magistrada Berenice Ram\u00edrez Jim\u00e9nez&nbsp;reafirm\u00f3 el objetivo com\u00fan de trabajar de manera coordinada e institucional procurando la unidad entre poderes en la ruta del desarrollo y la transformaci\u00f3n desde cada una de las responsabilidades constitucionales.<\/p>\n\n\n\n<p>DESTACA DESIGNACI\u00d3N<\/p>\n\n\n\n<p>Previamente, durante su conferencia de prensa matutina, el mandatario Jara Cruz reconoci\u00f3 la labor del anterior titular del Poder Judicial, Eduardo Pinacho S\u00e1nchez, de quien destac\u00f3 seriedad y profesionalismo.<\/p>\n\n\n\n<p>Sobre la nueva designaci\u00f3n al frente del \u00f3rgano de procuraci\u00f3n de justicia, manifest\u00f3:<\/p>\n\n\n\n<p>\u201cSaludo y felicito a la nueva presidenta del Tribunal; estoy muy contento porque es una mujer\u2026 que bien que se haya tomado esta decisi\u00f3n\u201d, dijo ante representantes de los medios de comunicaci\u00f3n.<\/p>\n","protected":false},"excerpt":{"rendered":"<p>Redacci\u00f3n\/Zona Roja. Oaxaca de Ju\u00e1rez, Oax., a 9 de enero de 2024.- La titular del&hellip;<\/p>\n","protected":false},"author":2,"featured_media":64057,"comment_status":"closed","ping_status":"open","sticky":false,"template":"","format":"standard","meta":{"_lmt_disableupdate":"","_lmt_disable":"","_jetpack_memberships_contains_paid_content":false,"footnotes":""},"categories":[109,46],"tags":[223],"class_list":["post-64056","post","type-post","status-publish","format-standard","has-post-thumbnail","hentry","category-minuto-a-minuto","category-zona-blanca","tag-poder-judicial-de-oaxaca"],"jetpack_featured_media_url":"https:\/\/zonaroja.com.mx\/wp-content\/uploads\/2024\/01\/Salomon-Jara-y-Berenice-Ramirez.jpeg","jetpack_sharing_enabled":true,"_links":{"self":[{"href":"https:\/\/zonaroja.com.mx\/index.php?rest_route=\/wp\/v2\/posts\/64056","targetHints":{"allow":["GET"]}}],"collection":[{"href":"https:\/\/zonaroja.com.mx\/index.php?rest_route=\/wp\/v2\/posts"}],"about":[{"href":"https:\/\/zonaroja.com.mx\/index.php?rest_route=\/wp\/v2\/types\/post"}],"author":[{"embeddable":true,"href":"https:\/\/zonaroja.com.mx\/index.php?rest_route=\/wp\/v2\/users\/2"}],"replies":[{"embeddable":true,"href":"https:\/\/zonaroja.com.mx\/index.php?rest_route=%2Fwp%2Fv2%2Fcomments&post=64056"}],"version-history":[{"count":1,"href":"https:\/\/zonaroja.com.mx\/index.php?rest_route=\/wp\/v2\/posts\/64056\/revisions"}],"predecessor-version":[{"id":64058,"href":"https:\/\/zonaroja.com.mx\/index.php?rest_route=\/wp\/v2\/posts\/64056\/revisions\/64058"}],"wp:featuredmedia":[{"embeddable":true,"href":"https:\/\/zonaroja.com.mx\/index.php?rest_route=\/wp\/v2\/media\/64057"}],"wp:attachment":[{"href":"https:\/\/zonaroja.com.mx\/index.php?rest_route=%2Fwp%2Fv2%2Fmedia&parent=64056"}],"wp:term":[{"taxonomy":"category","embeddable":true,"href":"https:\/\/zonaroja.com.mx\/index.php?rest_route=%2Fwp%2Fv2%2Fcategories&post=64056"},{"taxonomy":"post_tag","embeddable":true,"href":"https:\/\/zonaroja.com.mx\/index.php?rest_route=%2Fwp%2Fv2%2Ftags&post=64056"}],"curies":[{"name":"wp","href":"https:\/\/api.w.org\/{rel}","templated":true}]}}