{"id":64059,"date":"2024-01-09T12:30:00","date_gmt":"2024-01-09T18:30:00","guid":{"rendered":"http:\/\/www.zonaroja.com.mx\/?p=64059"},"modified":"2024-01-09T08:18:01","modified_gmt":"2024-01-09T14:18:01","slug":"llega-a-oaxaca-caravana-de-miles-de-migrantes","status":"publish","type":"post","link":"https:\/\/zonaroja.com.mx\/?p=64059","title":{"rendered":"Llega a Oaxaca caravana de miles de migrantes"},"content":{"rendered":"\n<p>Redacci\u00f3n\/Zona Roja.<\/p>\n\n\n\n<p>Oaxaca de Ju\u00e1rez, Oax., a 9 de enero de 2024.- Miles de migrantes centroamericanos y sudamericanos llegaron ayer a Oaxaca y pernoctaron en Los Corazones, localidad de San Pedro Tapanatepec.<\/p>\n\n\n\n<p>Este martes prev\u00e9n reanudar su marcha, denominada \u201c\u00c9xodo de la pobreza\u201d, para arribar a Juchit\u00e1n de Zaragoza, en su periplo por alcanzar la frontera con los Estados Unidos de Norteam\u00e9rica.<\/p>\n\n\n\n<p>La semana pasada eran alrededor de 10 mil personas indocumentadas pero el Instituto Nacional de Migraci\u00f3n los disolvi\u00f3 a trav\u00e9s de diversos mecanismos y ahora son aproximadamente tres mil; pero se prev\u00e9 que incremente el n\u00famero a medida que avancen por territorio oaxaque\u00f1o.<\/p>\n\n\n\n<p>De acuerdo con Luis Garc\u00eda Villagr\u00e1n, coordinador del Centro de Dignificaci\u00f3n Humana (CDH), que acompa\u00f1a a los migrantes, el Instituto Nacional de Migraci\u00f3n (INM) fue denunciado ante la Fiscal\u00eda General de la Rep\u00fablica (FGR).<\/p>\n\n\n\n<p>Adem\u00e1s, exigi\u00f3 indagar la validez de los documentos en los que el titular del INM, Francisco Gardu\u00f1o, prometi\u00f3 regularizar a los grupos vulnerables de migrantes.<\/p>\n\n\n\n<p>\u201cTenemos un documento que ya presentamos ante la Fiscal\u00eda General de la Rep\u00fablica para que se investigue el documento de autenticidad que entreg\u00f3 Grupo Beta (del INM), donde se compromet\u00edan a dar refugio y documentos de un a\u00f1o de estancia en M\u00e9xico, y eso no se cumpli\u00f3, \u00fanicamente los abandonaron\u201d, dijo el activista.<\/p>\n\n\n\n<p>La caravana parti\u00f3 ayer por la ma\u00f1ana en Nochebuena desde Tapachula, en la frontera sur de M\u00e9xico, con cerca de 10 mil migrantes como la m\u00e1s numerosa del a\u00f1o, pero se disolvi\u00f3 el martes pasado porque el grupo que permanec\u00eda en el municipio de Mapastepec acept\u00f3 subir a los autobuses del INM a cambio de su regularizaci\u00f3n.<\/p>\n\n\n\n<p>Pero los migrantes retomaron este lunes su marcha tras afirmar que los abandonaron en municipios de Chiapas como San Crist\u00f3bal de Las Casas, la capital Tuxtla Guti\u00e9rrez, Pijijiapan, Mapastepec, Arriaga y Berrioz\u00e1bal.<\/p>\n\n\n\n<p>Hicieron una \u00faltima parada a 500 metros del ret\u00e9n de Los Coraz\u00f3n, en Oaxaca, donde esperaron a los rezagados para cruzar hacia el vecino estado.<\/p>\n\n\n\n<p>Al entrar al estado de Oaxaca, avanzaron rumbo a la comunidad Corazones, donde pernoctar\u00e1n para despu\u00e9s proseguir hacia el poblado de Tapanatepec y a Juchit\u00e1n.<\/p>\n\n\n\n<p>Los caminantes esperan que en dos d\u00edas m\u00e1s la caravana totalice 10 mil personas.<\/p>\n\n\n\n<p>(Con informaci\u00f3n de la agencia EFE)<\/p>\n","protected":false},"excerpt":{"rendered":"<p>Redacci\u00f3n\/Zona Roja. Oaxaca de Ju\u00e1rez, Oax., a 9 de enero de 2024.- Miles de migrantes&hellip;<\/p>\n","protected":false},"author":2,"featured_media":63776,"comment_status":"closed","ping_status":"open","sticky":false,"template":"","format":"standard","meta":{"_lmt_disableupdate":"","_lmt_disable":"","_jetpack_memberships_contains_paid_content":false,"footnotes":""},"categories":[109,47],"tags":[207],"class_list":["post-64059","post","type-post","status-publish","format-standard","has-post-thumbnail","hentry","category-minuto-a-minuto","category-zona-gris","tag-migrantes-centroamericanos"],"jetpack_featured_media_url":"https:\/\/zonaroja.com.mx\/wp-content\/uploads\/2023\/12\/Migrantes-centroamericanos.jpeg","jetpack_sharing_enabled":true,"_links":{"self":[{"href":"https:\/\/zonaroja.com.mx\/index.php?rest_route=\/wp\/v2\/posts\/64059","targetHints":{"allow":["GET"]}}],"collection":[{"href":"https:\/\/zonaroja.com.mx\/index.php?rest_route=\/wp\/v2\/posts"}],"about":[{"href":"https:\/\/zonaroja.com.mx\/index.php?rest_route=\/wp\/v2\/types\/post"}],"author":[{"embeddable":true,"href":"https:\/\/zonaroja.com.mx\/index.php?rest_route=\/wp\/v2\/users\/2"}],"replies":[{"embeddable":true,"href":"https:\/\/zonaroja.com.mx\/index.php?rest_route=%2Fwp%2Fv2%2Fcomments&post=64059"}],"version-history":[{"count":1,"href":"https:\/\/zonaroja.com.mx\/index.php?rest_route=\/wp\/v2\/posts\/64059\/revisions"}],"predecessor-version":[{"id":64060,"href":"https:\/\/zonaroja.com.mx\/index.php?rest_route=\/wp\/v2\/posts\/64059\/revisions\/64060"}],"wp:featuredmedia":[{"embeddable":true,"href":"https:\/\/zonaroja.com.mx\/index.php?rest_route=\/wp\/v2\/media\/63776"}],"wp:attachment":[{"href":"https:\/\/zonaroja.com.mx\/index.php?rest_route=%2Fwp%2Fv2%2Fmedia&parent=64059"}],"wp:term":[{"taxonomy":"category","embeddable":true,"href":"https:\/\/zonaroja.com.mx\/index.php?rest_route=%2Fwp%2Fv2%2Fcategories&post=64059"},{"taxonomy":"post_tag","embeddable":true,"href":"https:\/\/zonaroja.com.mx\/index.php?rest_route=%2Fwp%2Fv2%2Ftags&post=64059"}],"curies":[{"name":"wp","href":"https:\/\/api.w.org\/{rel}","templated":true}]}}