{"id":6406,"date":"2019-12-06T07:37:42","date_gmt":"2019-12-06T13:37:42","guid":{"rendered":"http:\/\/www.zonaroja.com.mx\/?p=6406"},"modified":"2019-12-06T08:28:24","modified_gmt":"2019-12-06T14:28:24","slug":"grupo-armado-salta-iglesia-cristiana-en-la-capital-los-detienen-por-casualidad","status":"publish","type":"post","link":"https:\/\/zonaroja.com.mx\/?p=6406","title":{"rendered":"Grupo armado salta iglesia cristiana en la capital; los detienen por casualidad"},"content":{"rendered":"\n<p>Ismael Garc\u00eda M.\/Zona Roja.<\/p>\n\n\n\n<p>Oaxaca de Ju\u00e1rez, Oax., 6 de diciembre\nde 2019.- Un grupo armado ingres\u00f3 a una iglesia cristiana ubicada en San Juan\nChapultepec, ciudad de Oaxaca; amag\u00f3 a los asistentes, efectu\u00f3 disparos de\narmas de fuego y los encerr\u00f3 en un cuarto. <\/p>\n\n\n\n<p>Despu\u00e9s se apoder\u00f3 de diversos bienes, entre ellos pantallas de televisi\u00f3n, proyectores, dinero y tel\u00e9fonos celulares; adem\u00e1s, los presuntos delincuentes enca\u00f1onaron a ni\u00f1os y mujeres, despojaron a los feligreses de las llaves de tres veh\u00edculos, que pretend\u00edan llevarse.<\/p>\n\n\n\n<figure class=\"wp-block-image\"><img decoding=\"async\" width=\"1024\" height=\"858\" src=\"http:\/\/www.zonaroja.com.mx\/wp-content\/uploads\/2019\/12\/PHOTO-2019-12-05-21-44-10-1024x858.jpg\" alt=\"\" class=\"wp-image-6407\" srcset=\"https:\/\/zonaroja.com.mx\/wp-content\/uploads\/2019\/12\/PHOTO-2019-12-05-21-44-10-1024x858.jpg 1024w, https:\/\/zonaroja.com.mx\/wp-content\/uploads\/2019\/12\/PHOTO-2019-12-05-21-44-10-300x251.jpg 300w, https:\/\/zonaroja.com.mx\/wp-content\/uploads\/2019\/12\/PHOTO-2019-12-05-21-44-10-768x643.jpg 768w, https:\/\/zonaroja.com.mx\/wp-content\/uploads\/2019\/12\/PHOTO-2019-12-05-21-44-10-1170x980.jpg 1170w, https:\/\/zonaroja.com.mx\/wp-content\/uploads\/2019\/12\/PHOTO-2019-12-05-21-44-10-585x490.jpg 585w, https:\/\/zonaroja.com.mx\/wp-content\/uploads\/2019\/12\/PHOTO-2019-12-05-21-44-10.jpg 1280w\" sizes=\"(max-width: 1024px) 100vw, 1024px\" \/><\/figure>\n\n\n\n<p>Los hechos sucedieron alrededor de las\n21:00 horas en la iglesia evang\u00e9lica \u201cRestauraci\u00f3n Familiar de Oaxaca\u201d, ubicada\nen la avenida La Paz de San Juan Chapultepec.<\/p>\n\n\n\n<p>Tras el asalto, los sujetos, con armas\nde grueso calibre ingresaron parte de lo hurtado en una unidad de motor,\nmientras que en un taxi del sitio \u201cAguayo\u201d, de Santa Cruz Xoxocotl\u00e1n y afiliado\na la Confederaci\u00f3n Aut\u00f3noma de Trabajadores y Empleados de M\u00e9xico (CATEM), se\ndispon\u00edan a darse a la fuga.<\/p>\n\n\n\n<p>Apenas avanzaban unos metros cuando\nfueron interceptados por elementos del Grupo Urbano de Fuerzas Especiales\n(GUFE) del ayuntamiento capitalino, que realizaban una revisi\u00f3n de rutina.<\/p>\n\n\n\n<p>Al verlos sospechosos, los detuvieron y tras lo cual se acercaron las v\u00edctimas, que los identificaron como los autores del atraco. Tras ello fueron puestos a disposici\u00f3n del Ministerio P\u00fablico.<\/p>\n\n\n\n<figure class=\"wp-block-image\"><img decoding=\"async\" width=\"1024\" height=\"564\" src=\"http:\/\/www.zonaroja.com.mx\/wp-content\/uploads\/2019\/12\/PHOTO-2019-12-05-21-13-32-1024x564.jpg\" alt=\"\" class=\"wp-image-6408\" srcset=\"https:\/\/zonaroja.com.mx\/wp-content\/uploads\/2019\/12\/PHOTO-2019-12-05-21-13-32-1024x564.jpg 1024w, https:\/\/zonaroja.com.mx\/wp-content\/uploads\/2019\/12\/PHOTO-2019-12-05-21-13-32-300x165.jpg 300w, https:\/\/zonaroja.com.mx\/wp-content\/uploads\/2019\/12\/PHOTO-2019-12-05-21-13-32-768x423.jpg 768w, https:\/\/zonaroja.com.mx\/wp-content\/uploads\/2019\/12\/PHOTO-2019-12-05-21-13-32-585x322.jpg 585w, https:\/\/zonaroja.com.mx\/wp-content\/uploads\/2019\/12\/PHOTO-2019-12-05-21-13-32.jpg 1079w\" sizes=\"(max-width: 1024px) 100vw, 1024px\" \/><\/figure>\n","protected":false},"excerpt":{"rendered":"<p>Ismael Garc\u00eda M.\/Zona Roja. Oaxaca de Ju\u00e1rez, Oax., 6 de diciembre de 2019.- Un grupo&hellip;<\/p>\n","protected":false},"author":2,"featured_media":6409,"comment_status":"closed","ping_status":"open","sticky":false,"template":"","format":"standard","meta":{"_lmt_disableupdate":"","_lmt_disable":"","_jetpack_memberships_contains_paid_content":false,"footnotes":""},"categories":[109,51],"tags":[148,1108],"class_list":["post-6406","post","type-post","status-publish","format-standard","has-post-thumbnail","hentry","category-minuto-a-minuto","category-zona-roja","tag-oaxaca-de-juarez","tag-san-juan-chapultepec"],"jetpack_featured_media_url":"https:\/\/zonaroja.com.mx\/wp-content\/uploads\/2019\/12\/PHOTO-2019-12-05-21-44-11.jpg","jetpack_sharing_enabled":true,"_links":{"self":[{"href":"https:\/\/zonaroja.com.mx\/index.php?rest_route=\/wp\/v2\/posts\/6406","targetHints":{"allow":["GET"]}}],"collection":[{"href":"https:\/\/zonaroja.com.mx\/index.php?rest_route=\/wp\/v2\/posts"}],"about":[{"href":"https:\/\/zonaroja.com.mx\/index.php?rest_route=\/wp\/v2\/types\/post"}],"author":[{"embeddable":true,"href":"https:\/\/zonaroja.com.mx\/index.php?rest_route=\/wp\/v2\/users\/2"}],"replies":[{"embeddable":true,"href":"https:\/\/zonaroja.com.mx\/index.php?rest_route=%2Fwp%2Fv2%2Fcomments&post=6406"}],"version-history":[{"count":3,"href":"https:\/\/zonaroja.com.mx\/index.php?rest_route=\/wp\/v2\/posts\/6406\/revisions"}],"predecessor-version":[{"id":6413,"href":"https:\/\/zonaroja.com.mx\/index.php?rest_route=\/wp\/v2\/posts\/6406\/revisions\/6413"}],"wp:featuredmedia":[{"embeddable":true,"href":"https:\/\/zonaroja.com.mx\/index.php?rest_route=\/wp\/v2\/media\/6409"}],"wp:attachment":[{"href":"https:\/\/zonaroja.com.mx\/index.php?rest_route=%2Fwp%2Fv2%2Fmedia&parent=6406"}],"wp:term":[{"taxonomy":"category","embeddable":true,"href":"https:\/\/zonaroja.com.mx\/index.php?rest_route=%2Fwp%2Fv2%2Fcategories&post=6406"},{"taxonomy":"post_tag","embeddable":true,"href":"https:\/\/zonaroja.com.mx\/index.php?rest_route=%2Fwp%2Fv2%2Ftags&post=6406"}],"curies":[{"name":"wp","href":"https:\/\/api.w.org\/{rel}","templated":true}]}}