{"id":64061,"date":"2024-01-09T12:18:00","date_gmt":"2024-01-09T18:18:00","guid":{"rendered":"http:\/\/www.zonaroja.com.mx\/?p=64061"},"modified":"2024-01-09T08:21:28","modified_gmt":"2024-01-09T14:21:28","slug":"ex-directora-de-notimex-acusa-que-la-4t-la-extorsiono-para-solucionar-lio","status":"publish","type":"post","link":"https:\/\/zonaroja.com.mx\/?p=64061","title":{"rendered":"Ex directora de Notimex acusa que la 4T la extorsion\u00f3 para solucionar l\u00edo"},"content":{"rendered":"\n<p>Redacci\u00f3n\/Zona Roja Cdmx.<\/p>\n\n\n\n<p>Ciudad de M\u00e9xico, a 9 de enero de 2024.- \u00abHa sido lamentable comprobar que no s\u00f3lo Jes\u00fas Ram\u00edrez no cumpli\u00f3 su promesa de arreglarme el problema con el sindicato antes de mi llegada a la direcci\u00f3n, sino que despu\u00e9s nos abandon\u00f3. Tampoco los medios p\u00fablicos a cargo de Jenaro Villamil abordaron el conflicto laboral\u00bb. Con esta bomba, Sanjuana Mart\u00ednez contest\u00f3 ante la pol\u00e9mica por el cierre de Notimex.<\/p>\n\n\n\n<p>A trav\u00e9s de un texto en el diario \u201cLa Jornada\u201d que dirige Carmen Lira, la periodista denunci\u00f3 que el titular de Comunicaci\u00f3n Social de Presidencia la dej\u00f3 sola contra el Sindicato \u00danico de Trabajadores de la Agencia de Noticias del Estado Mexicano (Notimex), a cargo primero de&nbsp;Conrado Garc\u00eda Velasco y m\u00e1s tarde por Adriana Urrea Torres.<\/p>\n\n\n\n<p>\u00abEn resumen, nos dejaron solos en nuestro combate a la corrupci\u00f3n end\u00e9mica que sufr\u00eda Notimex y frente al acoso y persecuci\u00f3n que padecimos durante los \u00faltimos cuatro a\u00f1os. Finalmente, el conflicto de la extinta agencia de Noticias del Estado Mexicano s\u00f3lo demostr\u00f3 la podredumbre que padece un sector de nuestra prensa\u00bb, agreg\u00f3.<\/p>\n\n\n\n<p>Como ha informado La Pol\u00edtica Online desde meses atr\u00e1s, el conflicto entre el vocero presidencial y la directora de \u00abLa Jornada\u201d tuvo varios episodios durante la administraci\u00f3n de L\u00f3pez Obrador. El \u00faltimo de ellos por la postulaci\u00f3n de una mujer en la Ciudad de M\u00e9xico: Lira respald\u00f3 a&nbsp;la secretaria de Seguridad P\u00fablica, Rosa Icela Rodr\u00edguez (su ex empleada), mientras que Jes\u00fas Ram\u00edrez promovi\u00f3 a la alcaldesa de Iztapalapa, Clara Brugada.<\/p>\n\n\n\n<p>En el mismo texto, que es la primera de varias colaboraciones con el c\u00e9lebre peri\u00f3dico de izquierda, Mart\u00ednez Montemayor asegur\u00f3 que Adriana Urrea recibi\u00f3 el apoyo de Luisa Mar\u00eda Alcalde, titular entonces de la Secretar\u00eda del Trabajo, y la asesor\u00eda laboral del abogado Arturo Alcalde, padre de la hoy titular de Gobernaci\u00f3n, a quien apod\u00f3 como \u00abel Padrino\u00bb.<\/p>\n\n\n\n<p>\u00abA finales de 2019 la guerra del sindicato contra la nueva administraci\u00f3n era cada d\u00eda m\u00e1s beligerante. El editorialista Ricardo Raphael me busc\u00f3 para decirme que Arturo Alcalde, padre de la secretaria del Trabajo, quer\u00eda verme. Me sorprendi\u00f3 la forma elegida por el abogado laboral, quien me cit\u00f3 en el restaurante de El Palacio de Hierro de Perisur. Ah\u00ed me di cuenta de que el se\u00f1or operaba la Secretar\u00eda del Trabajo a cargo de su hija\u00bb, escribi\u00f3.<\/p>\n\n\n\n<p>Igualmente, Sanjuana acus\u00f3 a Marath Bola\u00f1os L\u00f3pez, actual titular de la Secretar\u00eda de Trabajo, de condicionar el pago de liquidaciones para su equipo a que \u00abde las mismas ten\u00edamos que entregar 20% para la campa\u00f1a presidencial de Claudia Sheinbaum\u00bb.<\/p>\n\n\n\n<p>\u00abMe negu\u00e9 en rotundo a aceptar semejante condici\u00f3n y a continuaci\u00f3n en venganza se nos ofreci\u00f3 s\u00f3lo 6 por ciento de los 256 millones entregados al sindicato junto a 14 millones en concepto de canasta y un mill\u00f3n m\u00e1s para las fiestas de un sindicato que ya hab\u00eda desaparecido\u201d.<\/p>\n\n\n\n<p>(Informaci\u00f3n de \u201cLa Pol\u00edtica Online\u201d)<\/p>\n","protected":false},"excerpt":{"rendered":"<p>Redacci\u00f3n\/Zona Roja Cdmx. Ciudad de M\u00e9xico, a 9 de enero de 2024.- \u00abHa sido lamentable&hellip;<\/p>\n","protected":false},"author":2,"featured_media":64062,"comment_status":"closed","ping_status":"open","sticky":false,"template":"","format":"standard","meta":{"_lmt_disableupdate":"","_lmt_disable":"","_jetpack_memberships_contains_paid_content":false,"footnotes":""},"categories":[109,47],"tags":[1684],"class_list":["post-64061","post","type-post","status-publish","format-standard","has-post-thumbnail","hentry","category-minuto-a-minuto","category-zona-gris","tag-agencia-notimex"],"jetpack_featured_media_url":"https:\/\/zonaroja.com.mx\/wp-content\/uploads\/2024\/01\/Sanjuana-Martinez.webp","jetpack_sharing_enabled":true,"_links":{"self":[{"href":"https:\/\/zonaroja.com.mx\/index.php?rest_route=\/wp\/v2\/posts\/64061","targetHints":{"allow":["GET"]}}],"collection":[{"href":"https:\/\/zonaroja.com.mx\/index.php?rest_route=\/wp\/v2\/posts"}],"about":[{"href":"https:\/\/zonaroja.com.mx\/index.php?rest_route=\/wp\/v2\/types\/post"}],"author":[{"embeddable":true,"href":"https:\/\/zonaroja.com.mx\/index.php?rest_route=\/wp\/v2\/users\/2"}],"replies":[{"embeddable":true,"href":"https:\/\/zonaroja.com.mx\/index.php?rest_route=%2Fwp%2Fv2%2Fcomments&post=64061"}],"version-history":[{"count":1,"href":"https:\/\/zonaroja.com.mx\/index.php?rest_route=\/wp\/v2\/posts\/64061\/revisions"}],"predecessor-version":[{"id":64063,"href":"https:\/\/zonaroja.com.mx\/index.php?rest_route=\/wp\/v2\/posts\/64061\/revisions\/64063"}],"wp:featuredmedia":[{"embeddable":true,"href":"https:\/\/zonaroja.com.mx\/index.php?rest_route=\/wp\/v2\/media\/64062"}],"wp:attachment":[{"href":"https:\/\/zonaroja.com.mx\/index.php?rest_route=%2Fwp%2Fv2%2Fmedia&parent=64061"}],"wp:term":[{"taxonomy":"category","embeddable":true,"href":"https:\/\/zonaroja.com.mx\/index.php?rest_route=%2Fwp%2Fv2%2Fcategories&post=64061"},{"taxonomy":"post_tag","embeddable":true,"href":"https:\/\/zonaroja.com.mx\/index.php?rest_route=%2Fwp%2Fv2%2Ftags&post=64061"}],"curies":[{"name":"wp","href":"https:\/\/api.w.org\/{rel}","templated":true}]}}