{"id":64064,"date":"2024-01-09T10:22:00","date_gmt":"2024-01-09T16:22:00","guid":{"rendered":"http:\/\/www.zonaroja.com.mx\/?p=64064"},"modified":"2024-01-09T15:49:45","modified_gmt":"2024-01-09T21:49:45","slug":"comparecencias-ejercicio-de-rendicion-de-cuentas-sergio-lopez-sanchez","status":"publish","type":"post","link":"https:\/\/zonaroja.com.mx\/?p=64064","title":{"rendered":"Comparecencias, ejercicio de rendici\u00f3n de cuentas: Sergio L\u00f3pez S\u00e1nchez"},"content":{"rendered":"\n<p>Redacci\u00f3n\/Zona Roja.<\/p>\n\n\n\n<p>Oaxaca de Ju\u00e1rez, Oax., 9 de enero de 2024.- El presidente de la Junta de Coordinaci\u00f3n Pol\u00edtica (Jucopo) de la 65 Legislatura local, Sergio L\u00f3pez S\u00e1nchez, destac\u00f3 el compromiso del Poder Legislativo de garantizar a la ciudadan\u00eda la rendici\u00f3n de cuentas de las autoridades estatales.&nbsp;<\/p>\n\n\n\n<p>Lo anterior, con motivo del inicio de las comparecencias de las y los secretarios del gobierno de Oaxaca, correspondientes a la glosa del primer informe de gobierno del titular del Poder Ejecutivo, Salom\u00f3n Jara Cruz.&nbsp;<\/p>\n\n\n\n<p>\u201cDesde el Poder Legislativo refrendamos nuestro compromiso con el pueblo de Oaxaca de garantizar este ejercicio de rendici\u00f3n de cuentas, para que conozca el trabajo, los avances, logros, resultados, pendientes y los retos del gobierno estatal\u201d, resalt\u00f3.<\/p>\n\n\n\n<p>\u201cLa rendici\u00f3n de cuentas es indispensable para la vida democr\u00e1tica de Oaxaca y un derecho imprescindible de la ciudadan\u00eda\u201d, a\u00f1adi\u00f3.&nbsp;<\/p>\n\n\n\n<p>Este lunes, comparecieron ante las comisiones legislativas del Congreso del Estado las personas titulares de la Secretar\u00eda de Gobierno, de los Servicios de Salud, y de la Secretar\u00eda de Infraestructuras y Comunicaciones, quienes informaron sobre el trabajo realizado en el primer a\u00f1o de la actual administraci\u00f3n.&nbsp;<\/p>\n\n\n\n<p>Este martes correspondi\u00f3 rendir cuentas a las titulares de las Secretar\u00edas de Educaci\u00f3n P\u00fablica, y del Trabajo, a las 10:00 y 17:00 horas respectivamente.<\/p>\n","protected":false},"excerpt":{"rendered":"<p>Redacci\u00f3n\/Zona Roja. Oaxaca de Ju\u00e1rez, Oax., 9 de enero de 2024.- El presidente de la&hellip;<\/p>\n","protected":false},"author":2,"featured_media":64065,"comment_status":"closed","ping_status":"open","sticky":false,"template":"","format":"standard","meta":{"_lmt_disableupdate":"","_lmt_disable":"","_jetpack_memberships_contains_paid_content":false,"footnotes":""},"categories":[109,47],"tags":[3803],"class_list":["post-64064","post","type-post","status-publish","format-standard","has-post-thumbnail","hentry","category-minuto-a-minuto","category-zona-gris","tag-sergio-lopez-sanchez"],"jetpack_featured_media_url":"https:\/\/zonaroja.com.mx\/wp-content\/uploads\/2024\/01\/Sergio-Lopez-Sanchez.jpeg","jetpack_sharing_enabled":true,"_links":{"self":[{"href":"https:\/\/zonaroja.com.mx\/index.php?rest_route=\/wp\/v2\/posts\/64064","targetHints":{"allow":["GET"]}}],"collection":[{"href":"https:\/\/zonaroja.com.mx\/index.php?rest_route=\/wp\/v2\/posts"}],"about":[{"href":"https:\/\/zonaroja.com.mx\/index.php?rest_route=\/wp\/v2\/types\/post"}],"author":[{"embeddable":true,"href":"https:\/\/zonaroja.com.mx\/index.php?rest_route=\/wp\/v2\/users\/2"}],"replies":[{"embeddable":true,"href":"https:\/\/zonaroja.com.mx\/index.php?rest_route=%2Fwp%2Fv2%2Fcomments&post=64064"}],"version-history":[{"count":2,"href":"https:\/\/zonaroja.com.mx\/index.php?rest_route=\/wp\/v2\/posts\/64064\/revisions"}],"predecessor-version":[{"id":64070,"href":"https:\/\/zonaroja.com.mx\/index.php?rest_route=\/wp\/v2\/posts\/64064\/revisions\/64070"}],"wp:featuredmedia":[{"embeddable":true,"href":"https:\/\/zonaroja.com.mx\/index.php?rest_route=\/wp\/v2\/media\/64065"}],"wp:attachment":[{"href":"https:\/\/zonaroja.com.mx\/index.php?rest_route=%2Fwp%2Fv2%2Fmedia&parent=64064"}],"wp:term":[{"taxonomy":"category","embeddable":true,"href":"https:\/\/zonaroja.com.mx\/index.php?rest_route=%2Fwp%2Fv2%2Fcategories&post=64064"},{"taxonomy":"post_tag","embeddable":true,"href":"https:\/\/zonaroja.com.mx\/index.php?rest_route=%2Fwp%2Fv2%2Ftags&post=64064"}],"curies":[{"name":"wp","href":"https:\/\/api.w.org\/{rel}","templated":true}]}}