{"id":64068,"date":"2024-01-09T13:12:07","date_gmt":"2024-01-09T19:12:07","guid":{"rendered":"http:\/\/www.zonaroja.com.mx\/?p=64068"},"modified":"2024-01-09T19:03:34","modified_gmt":"2024-01-10T01:03:34","slug":"asegura-el-mult-que-baleados-anoche-en-putla-son-de-su-organizacion","status":"publish","type":"post","link":"https:\/\/zonaroja.com.mx\/?p=64068","title":{"rendered":"Asegura el MULT que baleados anoche en Putla son de su organizaci\u00f3n"},"content":{"rendered":"\n<p>Ismael Garc\u00eda M.\/Zona Roja. <\/p>\n\n\n\n<p>Oaxaca de Ju\u00e1rez, Oax., a 9 de enero de 2025.- La organizaci\u00f3n social Movimiento de Unificaci\u00f3n y Lucha Triqui (MULT) inform\u00f3 que el individuo asesinado y la mujer baleada ayer en Putla Villa de Guerrero son sus militantes.<\/p>\n\n\n\n<p>En un comunicado emitido este martes, detall\u00f3 que la agresi\u00f3n armada ocurri\u00f3 ayer a las 20:47 horas, en ese municipio de la regi\u00f3n Sierra Sur.&nbsp;<\/p>\n\n\n\n<p>Identific\u00f3 a las v\u00edctimas como Gaspar Dom\u00ednguez Santos, de 20 a\u00f1os de edad, quien falleci\u00f3 en el sitio y era originario de San Miguel Copala, y a Idalia Ram\u00edrez de Jes\u00fas, de 18 a\u00f1os, de la comunidad de Llano Ju\u00e1rez Copala.&nbsp;<\/p>\n\n\n\n<p>\u201cPor estos hechos, exigimos a la Fiscal\u00eda General del Estado, haga las investigaciones correspondientes para detener a los culpables de este cobarde asesinato.<\/p>\n\n\n\n<p>Demandamos a los tres niveles de gobierno intervengan y garanticen la seguridad en las cabeceras de Putia Villa de Guerrero y Santiago Juxtlahuaca, donde est\u00e1n asesinando a<\/p>\n\n\n\n<p>nuestros compa\u00f1eros.<\/p>\n\n\n\n<p>\u201cAsi tambi\u00e9n, conminamos a este gobierno y a la Fiscalia General del Estado ejercer su autoridad para detener a los asesinos y a los autores intelectuales de la violencia contra nuestra organizaci\u00f3n. No queremos m\u00e1s discursos, queremos c\u00e1rcel a los asesinos\u201d, difundi\u00f3 en un comunicado.<\/p>\n\n\n\n<p>En esta ocasi\u00f3n no culp\u00f3 de los hechos a sus rivales del MULTI y demand\u00f3 c\u00e1rcel para los autores materiales intelectuales de este y los dem\u00e1s asesinatos de sus militantes.<\/p>\n\n\n\n<p>Esta ma\u00f1ana, el MULT anunci\u00f3 una conferencia de prensa en la ciudad de Oaxaca para denunciar estos hechos, pero luego, tras una llamada del Gobierno del Estado, la cancel\u00f3.&nbsp;<\/p>\n","protected":false},"excerpt":{"rendered":"<p>Ismael Garc\u00eda M.\/Zona Roja. Oaxaca de Ju\u00e1rez, Oax., a 9 de enero de 2025.- La&hellip;<\/p>\n","protected":false},"author":2,"featured_media":14425,"comment_status":"closed","ping_status":"open","sticky":false,"template":"","format":"standard","meta":{"_lmt_disableupdate":"","_lmt_disable":"","_jetpack_memberships_contains_paid_content":false,"footnotes":""},"categories":[109,51],"tags":[867,969],"class_list":["post-64068","post","type-post","status-publish","format-standard","has-post-thumbnail","hentry","category-minuto-a-minuto","category-zona-roja","tag-movimiento-unificador-de-lucha-triqui-mult","tag-putla-villa-de-guerrero"],"jetpack_featured_media_url":"https:\/\/zonaroja.com.mx\/wp-content\/uploads\/2020\/06\/Putla-Villa-de-Guerrero4.jpg","jetpack_sharing_enabled":true,"_links":{"self":[{"href":"https:\/\/zonaroja.com.mx\/index.php?rest_route=\/wp\/v2\/posts\/64068","targetHints":{"allow":["GET"]}}],"collection":[{"href":"https:\/\/zonaroja.com.mx\/index.php?rest_route=\/wp\/v2\/posts"}],"about":[{"href":"https:\/\/zonaroja.com.mx\/index.php?rest_route=\/wp\/v2\/types\/post"}],"author":[{"embeddable":true,"href":"https:\/\/zonaroja.com.mx\/index.php?rest_route=\/wp\/v2\/users\/2"}],"replies":[{"embeddable":true,"href":"https:\/\/zonaroja.com.mx\/index.php?rest_route=%2Fwp%2Fv2%2Fcomments&post=64068"}],"version-history":[{"count":1,"href":"https:\/\/zonaroja.com.mx\/index.php?rest_route=\/wp\/v2\/posts\/64068\/revisions"}],"predecessor-version":[{"id":64069,"href":"https:\/\/zonaroja.com.mx\/index.php?rest_route=\/wp\/v2\/posts\/64068\/revisions\/64069"}],"wp:featuredmedia":[{"embeddable":true,"href":"https:\/\/zonaroja.com.mx\/index.php?rest_route=\/wp\/v2\/media\/14425"}],"wp:attachment":[{"href":"https:\/\/zonaroja.com.mx\/index.php?rest_route=%2Fwp%2Fv2%2Fmedia&parent=64068"}],"wp:term":[{"taxonomy":"category","embeddable":true,"href":"https:\/\/zonaroja.com.mx\/index.php?rest_route=%2Fwp%2Fv2%2Fcategories&post=64068"},{"taxonomy":"post_tag","embeddable":true,"href":"https:\/\/zonaroja.com.mx\/index.php?rest_route=%2Fwp%2Fv2%2Ftags&post=64068"}],"curies":[{"name":"wp","href":"https:\/\/api.w.org\/{rel}","templated":true}]}}