{"id":64071,"date":"2024-01-09T18:27:08","date_gmt":"2024-01-10T00:27:08","guid":{"rendered":"http:\/\/www.zonaroja.com.mx\/?p=64071"},"modified":"2024-01-09T18:27:11","modified_gmt":"2024-01-10T00:27:11","slug":"improvisada-obra-de-neri-genera-caos-e-inconformidad-en-comerciantes","status":"publish","type":"post","link":"https:\/\/zonaroja.com.mx\/?p=64071","title":{"rendered":"Improvisada obra de Neri genera caos e inconformidad en comerciantes"},"content":{"rendered":"\n<p>Yuridiana Sosa\/ Zona Roja.<\/p>\n\n\n\n<p>Oaxaca de Ju\u00e1rez, Oax., a 9 de enero de 2024.- El desarrollo de una obra por parte del ayuntamiento capitalino gener\u00f3 una vez m\u00e1s &nbsp;inconformidad y caos entre comerciantes del Centro Hist\u00f3rico, quienes manifestaron que desconoc\u00edan de los trabajos a realizar en el mercado \u201c20 de Noviembre\u201d.<\/p>\n\n\n\n<p>Desde temprana hora de este martes, el alboroto de vendedores, trabajadores del gobierno de Francisco Mart\u00ednez Neri y de elementos de la polic\u00eda municipal, para evitar posibles confrontaciones, alert\u00f3 a comerciantes establecidos e informales de la calle de Miguel Cabrera sobre la obra.<\/p>\n\n\n\n<p>Se trata de la rehabilitaci\u00f3n de la zona conocida como \u201cPasillo de humo\u201d, para lo cual una treintena de comerciantes de carnes asadas se instalar\u00e1n provisionalmente sobre la v\u00eda p\u00fablica, lo que podr\u00eda causar posibles afectaciones al comercio establecido.<\/p>\n\n\n\n<p>Ante el hecho, los due\u00f1os y vendedores de los locales de la zona se inconformaron por la falta de informaci\u00f3n, sin embargo, el ayuntamiento argumenta que s\u00ed alertaron de los trabajos e incluso, que hubo acuerdos provisionales.<\/p>\n\n\n\n<p>INCONFORMIDAD<\/p>\n\n\n\n<p>Comerciantes de la zona, como el caso de Oscar Ch\u00e1vez, se\u00f1alaron que no fue insuficiente el oficio que el ayuntamiento hizo llegar d\u00edas antes para avisar sobre los trabajos, pues no hubo convocatoria para firmar acuerdos previos.<\/p>\n\n\n\n<p>El afectado subray\u00f3 que as\u00ed como \u00e9l, decenas de comerciantes se enteraron apenas este martes de la reubicaci\u00f3n de sus compa\u00f1eros del mercado de comida.<\/p>\n\n\n\n<p>Tras varios minutos de di\u00e1logo, los comerciantes y el ayuntamiento, representado por el Secretario de Gobierno, Felipe Canseco llegaron a acuerdos para que no haya mayores afectaciones.<\/p>\n\n\n\n<p>El gobierno de Mart\u00ednez Neri se comprometi\u00f3 a que se respetar\u00e1 el espacio suficiente para que se sigan brindando los servicios municipales. As\u00ed como se respetar\u00e1n las entradas de los comercios establecidos.<\/p>\n\n\n\n<p>Sin embargo, criticaron que el ayuntamiento no tenga certeza si la obra ser\u00e1 por uno o por dos meses, por lo que temen que los trabajos contin\u00faen para la temporada vacacional por Semana Santa, lo que generar\u00eda p\u00e9rdidas al sector comercial y principalmente hotelero y restaurantero.<\/p>\n\n\n\n<p>As\u00ed tambi\u00e9n criticaron que en los trabajos anteriores de rehabilitaci\u00f3n del mercado no se haya contemplado la zona del \u201cPasillo de humo\u201d.<\/p>\n\n\n\n<p>PARTE OFICIAL<\/p>\n\n\n\n<p>Por su parte, el secretario de Gobierno del ayuntamiento capitalino, Felipe Canseco, asegur\u00f3 que exist\u00edan acuerdos previos, pero ante la molestia de un grupo de comerciantes se volvi\u00f3 a generar otra minuta.<\/p>\n\n\n\n<p>Dijo que la obra al interior del mercado es necesaria, principalmente para la salud de quienes ah\u00ed laboran y de los visitantes.<\/p>\n\n\n\n<p>Una de las vendedoras del \u201cpasillo de humo\u201d explic\u00f3 que es una rehabilitaci\u00f3n y mantenimiento a los ductos, los cuales ya tienen ocho a\u00f1os de antig\u00fcedad y su vida \u00fatil ya acab\u00f3, por lo que es necesaria la intervenci\u00f3n.<\/p>\n\n\n\n<p>As\u00ed tambi\u00e9n los braceros se van a adecuar para que se registre una menor concentraci\u00f3n de humo en la zona y no les afecte.<\/p>\n\n\n\n<p>Por lo que desde este d\u00eda comenzaron a habilitarse los espacios provisionales en los que los vendedores del \u201cpasillo de humo\u201d ofrecer\u00e1n sus servicios.&nbsp;<\/p>\n","protected":false},"excerpt":{"rendered":"<p>Yuridiana Sosa\/ Zona Roja. Oaxaca de Ju\u00e1rez, Oax., a 9 de enero de 2024.- El&hellip;<\/p>\n","protected":false},"author":2,"featured_media":64075,"comment_status":"closed","ping_status":"open","sticky":false,"template":"","format":"standard","meta":{"_lmt_disableupdate":"","_lmt_disable":"","_jetpack_memberships_contains_paid_content":false,"footnotes":""},"categories":[109,47],"tags":[2418,148],"class_list":["post-64071","post","type-post","status-publish","format-standard","has-post-thumbnail","hentry","category-minuto-a-minuto","category-zona-gris","tag-francisco-martinez-neri","tag-oaxaca-de-juarez"],"jetpack_featured_media_url":"https:\/\/zonaroja.com.mx\/wp-content\/uploads\/2024\/01\/Inconformidad-policias-comerciantes-calle-Miguel-Cabrera-ciudad-de-Oaxaca.jpg","jetpack_sharing_enabled":true,"_links":{"self":[{"href":"https:\/\/zonaroja.com.mx\/index.php?rest_route=\/wp\/v2\/posts\/64071","targetHints":{"allow":["GET"]}}],"collection":[{"href":"https:\/\/zonaroja.com.mx\/index.php?rest_route=\/wp\/v2\/posts"}],"about":[{"href":"https:\/\/zonaroja.com.mx\/index.php?rest_route=\/wp\/v2\/types\/post"}],"author":[{"embeddable":true,"href":"https:\/\/zonaroja.com.mx\/index.php?rest_route=\/wp\/v2\/users\/2"}],"replies":[{"embeddable":true,"href":"https:\/\/zonaroja.com.mx\/index.php?rest_route=%2Fwp%2Fv2%2Fcomments&post=64071"}],"version-history":[{"count":1,"href":"https:\/\/zonaroja.com.mx\/index.php?rest_route=\/wp\/v2\/posts\/64071\/revisions"}],"predecessor-version":[{"id":64076,"href":"https:\/\/zonaroja.com.mx\/index.php?rest_route=\/wp\/v2\/posts\/64071\/revisions\/64076"}],"wp:featuredmedia":[{"embeddable":true,"href":"https:\/\/zonaroja.com.mx\/index.php?rest_route=\/wp\/v2\/media\/64075"}],"wp:attachment":[{"href":"https:\/\/zonaroja.com.mx\/index.php?rest_route=%2Fwp%2Fv2%2Fmedia&parent=64071"}],"wp:term":[{"taxonomy":"category","embeddable":true,"href":"https:\/\/zonaroja.com.mx\/index.php?rest_route=%2Fwp%2Fv2%2Fcategories&post=64071"},{"taxonomy":"post_tag","embeddable":true,"href":"https:\/\/zonaroja.com.mx\/index.php?rest_route=%2Fwp%2Fv2%2Ftags&post=64071"}],"curies":[{"name":"wp","href":"https:\/\/api.w.org\/{rel}","templated":true}]}}