{"id":64077,"date":"2024-01-09T19:02:24","date_gmt":"2024-01-10T01:02:24","guid":{"rendered":"http:\/\/www.zonaroja.com.mx\/?p=64077"},"modified":"2024-01-09T19:02:25","modified_gmt":"2024-01-10T01:02:25","slug":"con-inversion-de-300-mdp-gobierno-inicia-construccion-de-parque-primavera","status":"publish","type":"post","link":"https:\/\/zonaroja.com.mx\/?p=64077","title":{"rendered":"Con inversi\u00f3n de 300 mdp, gobierno inicia construcci\u00f3n de parque \u201cPrimavera\u201d"},"content":{"rendered":"\n<p>Redacci\u00f3n\/Zona Roja.<\/p>\n\n\n\n<p>Oaxaca de Ju\u00e1rez, Oax., 9 de enero de 2024.- Con una inversi\u00f3n de 300 millones de pesos, el gobierno de Oaxaca inici\u00f3 hoy la construcci\u00f3n del parque \u201cPrimavera\u201d, en un predio de 11 hect\u00e1reas de la antigua f\u00e1brica de triplay, en la ciudad capital.<\/p>\n\n\n\n<p>En el acto efectuado este martes, se dio a conocer que el proyecto incluye puntos tem\u00e1ticos como el Juego de Pelota Mixteca, un vivero, una plaza deportiva, un sal\u00f3n multieventos, el jard\u00edn ceremonial y un banco de semillas donde se va a salvaguardar parte importante del patrimonio natural y alimenticio de la entidad.<\/p>\n\n\n\n<p>De igual forma, este espacio se conectar\u00e1 con zonas aleda\u00f1as a la Central de Abasto, a trav\u00e9s de pasos peatonales.<\/p>\n\n\n\n<p>El parque \u201cPrimavera\u201d tambi\u00e9n contar\u00e1 con aportaciones culturales realizadas por la familia del maestro y oaxaque\u00f1o universal Francisco Toledo, mediante el dise\u00f1o de la estructura perimetral, que dar\u00e1 un toque \u00fanico a su arquitectura, con las virtudes pl\u00e1sticas que son el sello inigualable de Oaxaca.<\/p>\n\n\n\n<p>Beneficiar\u00e1 a unas 500 mil personas de los municipios de Oaxaca de Ju\u00e1rez, Santa Cruz Xoxocotl\u00e1n, Santa Mar\u00eda Atzompa, San Jacinto Amilpas y San Pablo Etla.<\/p>\n\n\n\n<p>\u201cUna vez cumplidos los protocolos legales para dar un uso social a las 11.84 hect\u00e1reas de este pol\u00edgono, arrancamos el parque \u2018Primavera\u2019 con una inversi\u00f3n de 300 millones de pesos\u201d, anunci\u00f3 el gobernador Salom\u00f3n Jara Cruz.<\/p>\n\n\n\n<p>De acuerdo con un comunicado de prensa, destac\u00f3 que el espacio simboliza, por un lado, dejar atr\u00e1s el olvido, el abandono y la inseguridad que se dio en torno a un espacio distintivo de la ciudad de Oaxaca, como lo fue la antigua f\u00e1brica, para dar la bienvenida al renacimiento y al nuevo florecer de los espacios p\u00fablicos de la Verde Antequera.<\/p>\n\n\n\n<p>\u201cNuestro gobierno de la transformaci\u00f3n decidi\u00f3 rescatarlo, as\u00ed como hemos rescatado muchos espacios de nuestra capital, como un lugar de encuentro familiar donde todas y todos podamos convivir con paz y seguridad\u201d, sostuvo, en presencia de invitados y funcionarios estatales.<\/p>\n\n\n\n<p>Agradeci\u00f3 la que realizar\u00e1 la familia del maestro, pintor y escultor oaxaque\u00f1o Alejandro Santiago, por hacer parte de este proyecto la exposici\u00f3n Migrantes.<\/p>\n\n\n\n<p>Por su parte, el director de Planeaci\u00f3n y Proyectos de la Secretar\u00eda de Desarrollo Agrario, Territorial y Urbano (Sedatu) del Gobierno de M\u00e9xico, Alberto Cruz Carbajal, entreg\u00f3 el proyecto ejecutivo que detalla las directrices y propuesta t\u00e9cnica, planos, diagramas y fichas t\u00e9cnicas con las que se podr\u00e1n ejecutar las obras.&nbsp;<\/p>\n\n\n\n<p>El funcionario de la Sedatu detall\u00f3 que \u201cpocas veces desde la Secretar\u00eda hemos intervenido un predio de grandes dimensiones, donde a partir de cuatro ejes trazados tendremos un componente de cultura, deporte, de sostenibilidad y de seguridad, con lo que este parque podr\u00e1 ser referente no solamente en el estado\u201d.<\/p>\n","protected":false},"excerpt":{"rendered":"<p>Redacci\u00f3n\/Zona Roja. Oaxaca de Ju\u00e1rez, Oax., 9 de enero de 2024.- Con una inversi\u00f3n de&hellip;<\/p>\n","protected":false},"author":2,"featured_media":64073,"comment_status":"closed","ping_status":"open","sticky":false,"template":"","format":"standard","meta":{"_lmt_disableupdate":"","_lmt_disable":"","_jetpack_memberships_contains_paid_content":false,"footnotes":""},"categories":[109,46],"tags":[939],"class_list":["post-64077","post","type-post","status-publish","format-standard","has-post-thumbnail","hentry","category-minuto-a-minuto","category-zona-blanca","tag-salomon-jara-cruz"],"jetpack_featured_media_url":"https:\/\/zonaroja.com.mx\/wp-content\/uploads\/2024\/01\/Inicia-Gobierno-del-Estado-trabajos-de-construccion-del-Parque-4.jpeg","jetpack_sharing_enabled":true,"_links":{"self":[{"href":"https:\/\/zonaroja.com.mx\/index.php?rest_route=\/wp\/v2\/posts\/64077","targetHints":{"allow":["GET"]}}],"collection":[{"href":"https:\/\/zonaroja.com.mx\/index.php?rest_route=\/wp\/v2\/posts"}],"about":[{"href":"https:\/\/zonaroja.com.mx\/index.php?rest_route=\/wp\/v2\/types\/post"}],"author":[{"embeddable":true,"href":"https:\/\/zonaroja.com.mx\/index.php?rest_route=\/wp\/v2\/users\/2"}],"replies":[{"embeddable":true,"href":"https:\/\/zonaroja.com.mx\/index.php?rest_route=%2Fwp%2Fv2%2Fcomments&post=64077"}],"version-history":[{"count":1,"href":"https:\/\/zonaroja.com.mx\/index.php?rest_route=\/wp\/v2\/posts\/64077\/revisions"}],"predecessor-version":[{"id":64078,"href":"https:\/\/zonaroja.com.mx\/index.php?rest_route=\/wp\/v2\/posts\/64077\/revisions\/64078"}],"wp:featuredmedia":[{"embeddable":true,"href":"https:\/\/zonaroja.com.mx\/index.php?rest_route=\/wp\/v2\/media\/64073"}],"wp:attachment":[{"href":"https:\/\/zonaroja.com.mx\/index.php?rest_route=%2Fwp%2Fv2%2Fmedia&parent=64077"}],"wp:term":[{"taxonomy":"category","embeddable":true,"href":"https:\/\/zonaroja.com.mx\/index.php?rest_route=%2Fwp%2Fv2%2Fcategories&post=64077"},{"taxonomy":"post_tag","embeddable":true,"href":"https:\/\/zonaroja.com.mx\/index.php?rest_route=%2Fwp%2Fv2%2Ftags&post=64077"}],"curies":[{"name":"wp","href":"https:\/\/api.w.org\/{rel}","templated":true}]}}