{"id":64082,"date":"2024-01-09T21:23:29","date_gmt":"2024-01-10T03:23:29","guid":{"rendered":"http:\/\/www.zonaroja.com.mx\/?p=64082"},"modified":"2024-01-09T21:23:29","modified_gmt":"2024-01-10T03:23:29","slug":"salina-cruz-de-nuevo-dos-ataques-armados-dejan-un-muerto-y-tres-heridos","status":"publish","type":"post","link":"https:\/\/zonaroja.com.mx\/?p=64082","title":{"rendered":"\u00a1Salina Cruz de nuevo! Dos ataques armados dejan un muerto y tres heridos"},"content":{"rendered":"\n<p>Ismael Garc\u00eda M.\/Zona Roja.<\/p>\n\n\n\n<p>Oaxaca de Ju\u00e1rez, Oax., a 9 de enero de 2024.- Mientras el presidente municipal morenista Daniel M\u00e9ndez Sosa contin\u00faa con actos proselitistas para reelegir en el cargo, Salina Cruz registr\u00f3 esta noche dos ataques armados, con saldo preliminar de una persona fallecida y tres m\u00e1s lesionadas.<\/p>\n\n\n\n<p>El primer hecho ocurri\u00f3 en la calzada Refiner\u00eda, cerca de las instalaciones del Cuerpo de Bomberos, donde sujetos armados dispararon en contra de una unidad de motor tipo Jetta, marca Volkswagen.<\/p>\n\n\n\n<p>Al arribar param\u00e9dicos de la Comisi\u00f3n Nacional de Emergencias, corroboraron que una persona no contaba ya con signos vitales mientras que dos m\u00e1s fueron trasladadas a un hospital cercano.&nbsp;<\/p>\n\n\n\n<p>Hasta el momento las v\u00edctimas no han sido identificadas y personal de la Vicefiscal\u00eda Regional del Istmo contin\u00faa en la zona para efectuar las indagatorias.<\/p>\n\n\n\n<p>SEGUNDO CASO<\/p>\n\n\n\n<p>Apenas se atend\u00eda dicha situaci\u00f3n cuando de nuevo se report\u00f3 otra agresi\u00f3n a balazos, ahora en la calle L\u00e1zaro C\u00e1rdenas de la colonia San Pablo Sur.<\/p>\n\n\n\n<p>Corporaciones policiacas arribaron al sitio pero \u00fanicamente para resguardar la escena del delito.<\/p>\n\n\n\n<p>En ambos casos no hay personas detenidas, ante la lentitud de la polic\u00eda municipal para atender las emergencias.<\/p>\n\n\n\n<p>EN TUXTEPEC<\/p>\n\n\n\n<p>Por otra parte, en el municipio de San Juan Bautista Tuxtepec se registr\u00f3 la ma\u00f1ana de hoy una agresi\u00f3n armada, a la entrada de la colonia Nuevo Mundo.<\/p>\n\n\n\n<p>Sujetos desconocidos dispararon en contra de los ocupantes de una unidad de motor, donde se hallaban un hombre y una mujer, quienes fueron trasladados de emergencia a un hospital.<\/p>\n\n\n\n<p>Sin embargo, por la tarde se confirm\u00f3 el fallecimiento del masculino, quien fue identificado de manera preliminar como Misael P. C., de 34 a\u00f1os de edad.<\/p>\n","protected":false},"excerpt":{"rendered":"<p>Ismael Garc\u00eda M.\/Zona Roja. Oaxaca de Ju\u00e1rez, Oax., a 9 de enero de 2024.- Mientras&hellip;<\/p>\n","protected":false},"author":2,"featured_media":64083,"comment_status":"closed","ping_status":"open","sticky":false,"template":"","format":"standard","meta":{"_lmt_disableupdate":"","_lmt_disable":"","_jetpack_memberships_contains_paid_content":false,"footnotes":""},"categories":[109,51],"tags":[168],"class_list":["post-64082","post","type-post","status-publish","format-standard","has-post-thumbnail","hentry","category-minuto-a-minuto","category-zona-roja","tag-salina-cruz"],"jetpack_featured_media_url":"https:\/\/zonaroja.com.mx\/wp-content\/uploads\/2024\/01\/Ejecutado-Salina-Cruz.jpg","jetpack_sharing_enabled":true,"_links":{"self":[{"href":"https:\/\/zonaroja.com.mx\/index.php?rest_route=\/wp\/v2\/posts\/64082","targetHints":{"allow":["GET"]}}],"collection":[{"href":"https:\/\/zonaroja.com.mx\/index.php?rest_route=\/wp\/v2\/posts"}],"about":[{"href":"https:\/\/zonaroja.com.mx\/index.php?rest_route=\/wp\/v2\/types\/post"}],"author":[{"embeddable":true,"href":"https:\/\/zonaroja.com.mx\/index.php?rest_route=\/wp\/v2\/users\/2"}],"replies":[{"embeddable":true,"href":"https:\/\/zonaroja.com.mx\/index.php?rest_route=%2Fwp%2Fv2%2Fcomments&post=64082"}],"version-history":[{"count":1,"href":"https:\/\/zonaroja.com.mx\/index.php?rest_route=\/wp\/v2\/posts\/64082\/revisions"}],"predecessor-version":[{"id":64084,"href":"https:\/\/zonaroja.com.mx\/index.php?rest_route=\/wp\/v2\/posts\/64082\/revisions\/64084"}],"wp:featuredmedia":[{"embeddable":true,"href":"https:\/\/zonaroja.com.mx\/index.php?rest_route=\/wp\/v2\/media\/64083"}],"wp:attachment":[{"href":"https:\/\/zonaroja.com.mx\/index.php?rest_route=%2Fwp%2Fv2%2Fmedia&parent=64082"}],"wp:term":[{"taxonomy":"category","embeddable":true,"href":"https:\/\/zonaroja.com.mx\/index.php?rest_route=%2Fwp%2Fv2%2Fcategories&post=64082"},{"taxonomy":"post_tag","embeddable":true,"href":"https:\/\/zonaroja.com.mx\/index.php?rest_route=%2Fwp%2Fv2%2Ftags&post=64082"}],"curies":[{"name":"wp","href":"https:\/\/api.w.org\/{rel}","templated":true}]}}