{"id":64085,"date":"2024-01-10T07:32:43","date_gmt":"2024-01-10T13:32:43","guid":{"rendered":"http:\/\/www.zonaroja.com.mx\/?p=64085"},"modified":"2024-01-10T07:32:44","modified_gmt":"2024-01-10T13:32:44","slug":"arrecia-ola-criminal-en-salina-cruz-suman-dos-muertos-y-dos-heridos","status":"publish","type":"post","link":"https:\/\/zonaroja.com.mx\/?p=64085","title":{"rendered":"Arrecia ola criminal en Salina Cruz: suman dos muertos y dos heridos"},"content":{"rendered":"\n<p>Raymundo Morales\/Zona Roja.<\/p>\n\n\n\n<p>Oaxaca de Ju\u00e1rez, Oax., a 10 de enero de 2024.- A dos muertos y dos heridos por disparos de arma de fuego ascendi\u00f3 el saldo de dos ataques armados registrados anoche en Salina Cruz, municipio de la regi\u00f3n del Istmo.<\/p>\n\n\n\n<p>Por la agresi\u00f3n registrada en la calle L\u00e1zaro C\u00e1rdenas de la colonia San Pablo Sur, un individuo a\u00fan no identificado, perdi\u00f3 la vida, al recibir en la cabeza uno de varios impactos de arma de fuego.<\/p>\n\n\n\n<p>La llamada de auxilio se gener\u00f3 mientras corporaciones policiacas y ministerial atend\u00edan otro ataque criminal.<\/p>\n\n\n\n<p>De nueva cuenta, polic\u00edas municipales al mando del edil morenista Daniel M\u00e9ndez Sosa \u00fanicamente llegaron para resguardar la escena, pero no hubo personas detenidas.<\/p>\n\n\n\n<p>Momentos antes de ese hecho, sujetos armados agredieron a los ocupantes de una unidad de motor, marca Volkswagen, tipo Jetta, con placas del estado de Chiapas, que se encontraba sobre la calzada Refiner\u00eda de la colonia Alfredo L\u00f3pez Ramos.<\/p>\n\n\n\n<p>Tras la atenci\u00f3n por parte de param\u00e9dicos de la Comisi\u00f3n Nacional de Emergencia (CNE), se corrobor\u00f3 que una persona muri\u00f3 a causa de los m\u00faltiples disparos de arma de fuego y dos m\u00e1s resultaron lesionadas.<\/p>\n\n\n\n<p>Hasta esta ma\u00f1ana, las v\u00edctimas tampoco han sido identificadas y en ambos casos, personal de la Vicefiscal\u00eda Regional del Istmo, dependiente de la Fiscal\u00eda General del Estado, contin\u00faa con las indagatorias.<\/p>\n","protected":false},"excerpt":{"rendered":"<p>Raymundo Morales\/Zona Roja. Oaxaca de Ju\u00e1rez, Oax., a 10 de enero de 2024.- A dos&hellip;<\/p>\n","protected":false},"author":2,"featured_media":64087,"comment_status":"closed","ping_status":"open","sticky":false,"template":"","format":"standard","meta":{"_lmt_disableupdate":"","_lmt_disable":"","_jetpack_memberships_contains_paid_content":false,"footnotes":""},"categories":[109,51],"tags":[168],"class_list":["post-64085","post","type-post","status-publish","format-standard","has-post-thumbnail","hentry","category-minuto-a-minuto","category-zona-roja","tag-salina-cruz"],"jetpack_featured_media_url":"https:\/\/zonaroja.com.mx\/wp-content\/uploads\/2024\/01\/Ejecutado-Salina-Cruz-colonia-San-Pablo.jpeg","jetpack_sharing_enabled":true,"_links":{"self":[{"href":"https:\/\/zonaroja.com.mx\/index.php?rest_route=\/wp\/v2\/posts\/64085","targetHints":{"allow":["GET"]}}],"collection":[{"href":"https:\/\/zonaroja.com.mx\/index.php?rest_route=\/wp\/v2\/posts"}],"about":[{"href":"https:\/\/zonaroja.com.mx\/index.php?rest_route=\/wp\/v2\/types\/post"}],"author":[{"embeddable":true,"href":"https:\/\/zonaroja.com.mx\/index.php?rest_route=\/wp\/v2\/users\/2"}],"replies":[{"embeddable":true,"href":"https:\/\/zonaroja.com.mx\/index.php?rest_route=%2Fwp%2Fv2%2Fcomments&post=64085"}],"version-history":[{"count":1,"href":"https:\/\/zonaroja.com.mx\/index.php?rest_route=\/wp\/v2\/posts\/64085\/revisions"}],"predecessor-version":[{"id":64088,"href":"https:\/\/zonaroja.com.mx\/index.php?rest_route=\/wp\/v2\/posts\/64085\/revisions\/64088"}],"wp:featuredmedia":[{"embeddable":true,"href":"https:\/\/zonaroja.com.mx\/index.php?rest_route=\/wp\/v2\/media\/64087"}],"wp:attachment":[{"href":"https:\/\/zonaroja.com.mx\/index.php?rest_route=%2Fwp%2Fv2%2Fmedia&parent=64085"}],"wp:term":[{"taxonomy":"category","embeddable":true,"href":"https:\/\/zonaroja.com.mx\/index.php?rest_route=%2Fwp%2Fv2%2Fcategories&post=64085"},{"taxonomy":"post_tag","embeddable":true,"href":"https:\/\/zonaroja.com.mx\/index.php?rest_route=%2Fwp%2Fv2%2Ftags&post=64085"}],"curies":[{"name":"wp","href":"https:\/\/api.w.org\/{rel}","templated":true}]}}