{"id":64089,"date":"2024-01-10T07:41:48","date_gmt":"2024-01-10T13:41:48","guid":{"rendered":"http:\/\/www.zonaroja.com.mx\/?p=64089"},"modified":"2024-01-10T07:41:49","modified_gmt":"2024-01-10T13:41:49","slug":"narcoguerra-desata-crisis-en-ecuador-y-preocupa-al-mundo","status":"publish","type":"post","link":"https:\/\/zonaroja.com.mx\/?p=64089","title":{"rendered":"\u201cNarcoguerra\u201d desata crisis en Ecuador y preocupa al mundo"},"content":{"rendered":"\n<p>Redacci\u00f3n\/Zona Roja Cdmx.<\/p>\n\n\n\n<p>Ciudad de M\u00e9xico, a 10 de enero de 2024.- La violencia provocada por los diferentes grupos criminales en Guayaquil, Ecuador, escal\u00f3 de manera significativa la tarde de este martes 9 de enero, luego de que sujetos armados tomaran un canal de televisi\u00f3n que transmit\u00eda en vivo, dejando evidenciado el secuestro de los trabajadores y periodistas del canal de comunicaci\u00f3n.&nbsp;<\/p>\n\n\n\n<p>Estos hechos se extendieron a otros lugares como c\u00e1rceles, centros educativos, entre otros, generando caos y p\u00e1nico entre la poblaci\u00f3n.<\/p>\n\n\n\n<p>Los actos violentos se dan luego de que Jos\u00e9 Adolfo Mac\u00edas Villamar, alias \u201cFito\u201d, l\u00edder de la banda de \u201cLos Choneros\u201d, considerados como el grupo criminal m\u00e1s peligroso del pa\u00eds sudamericano, se fugara de la c\u00e1rcel regional de Guayaquil el pasado domingo 7 de enero, previo a que lo trasladaran al centro de m\u00e1xima seguridad conocido como \u201cLa Roca\u201d.<\/p>\n\n\n\n<p>Presuntamente \u201cLos Choneros\u201d tienen v\u00ednculos con el C\u00e1rtel de Sinaloa, mientras que su grupo rival conocido como \u201cLos Lobos\u201d se les asocia con el C\u00e1rtel de Jalisco Nueva Generaci\u00f3n (CJNG).<\/p>\n\n\n\n<p>Sin embargo, en entrevista con Infobae M\u00e9xico, Javier Ulises Oliva Posada, doctor en Ciencia Pol\u00edtica y maestro en Estudios Latinoamericanos por la Universidad Nacional Aut\u00f3noma de M\u00e9xico (UNAM), asegur\u00f3 que no existe evidencia de que los c\u00e1rteles mexicanos est\u00e9n detr\u00e1s de la violencia que vive el pa\u00eds sudamericano.<\/p>\n\n\n\n<p>Dijo que aunque para algunas agencias noticiosas estadounidenses mencionan la presencia del C\u00e1rtel de Sinaloa y del CJNG en ese pa\u00eds, \u201cpreponderantemente, de manera muy clara y predominante, se trata de organizaciones criminales ligadas al narcotr\u00e1fico colombiano\u201d.<\/p>\n\n\n\n<p>\u201cEsto lo est\u00e1n moviendo las bandas criminales de tr\u00e1fico de coca\u00edna de Colombia. Si hubiera evidencias contundentes de la presencia de criminalidad mexicana en Ecuador desde luego que ser\u00eda motivo de entrevistas a nivel m\u00e1s alto de las autoridades de Estados Unidos, M\u00e9xico y Ecuador. Que yo sepa no las hay, entonces tambi\u00e9n es una forma de distracci\u00f3n\u201d, explic\u00f3 a Infobae.<\/p>\n\n\n\n<p>\u00bfQUI\u00c9N ES \u201cFITO\u201d?<\/p>\n\n\n\n<p>Adolfo Mac\u00edas, alias \u201cFito\u201d, es ahora el fugitivo m\u00e1s peligroso de Ecuador tras su huida de la c\u00e1rcel, desde donde comandaba la principal banda criminal de un pa\u00eds sumido en la violencia.<\/p>\n\n\n\n<p>Poco m\u00e1s se conoce sobre el l\u00edder de \u201cLos Choneros\u201d que su pasado humilde y como taxista, adem\u00e1s de su capacidad para romper la ley que lo llevan a ser catalogado por el gobierno como un \u00abdelincuente con caracter\u00edsticas sumamente peligrosas\u00bb.<\/p>\n\n\n\n<p>Las alarmas sobre su paradero desconocido saltaron el domingo, cuando uniformados en un operativo notaron su ausencia. Atr\u00e1s hab\u00eda dejado una prisi\u00f3n adornada con im\u00e1genes que exaltan su propia figura, las armas, los d\u00f3lares y los leones, detalla la agencia Sputnik, en informaci\u00f3n publicada por \u201cLa Jornada\u201d.<\/p>\n\n\n\n<p>La fuerza p\u00fablica activ\u00f3 un plan para dar con el jefe de una banda narcodelictiva que surgi\u00f3 en la d\u00e9cada de los a\u00f1os 90 en la costera provincia de Manab\u00ed (suroeste), estrat\u00e9gica para el tr\u00e1fico de droga hacia Estados Unidos y Europa.<\/p>\n\n\n\n<p>El gobierno cree que pudo haber escapado \u00abhoras antes\u00bb de la intervenci\u00f3n policial en la c\u00e1rcel Regional de Guayaquil (suroeste), donde era considerado el mandam\u00e1s.<\/p>\n\n\n\n<p>Asumi\u00f3 el mando de la organizaci\u00f3n en 2020, tras los fallecimientos de sus amigos Jorge Luis Zambrano, alias Rasqui\u00f1a, y Junior Rold\u00e1n, JR.<\/p>\n\n\n\n<p>El nuevo capo se gradu\u00f3 de abogado en prisi\u00f3n, donde pagaba una condena a 34 a\u00f1os por los delitos de tenencia de armas, tr\u00e1fico de drogas, delincuencia organizada y asesinato.<\/p>\n\n\n\n<p>Su escalada a la c\u00fapula criminal estuvo acompa\u00f1ada de la fragmentaci\u00f3n de la banda, que hasta la muerte de Rasqui\u00f1a hab\u00eda cohesionado a buena parte de organizaciones menores.<\/p>\n\n\n\n<p>De acuerdo con Insight Crime, los \u00faltimos cambios en el mando de Los Choneros \u00abhan motivado las luchas internas en el grupo y sus subgrupos\u00bb. Bandas como Tiguerones y Chone Killers se apartaron y les declararon la guerra.<\/p>\n\n\n\n<p>\u201cOBJETIVO MILITAR\u201d<\/p>\n\n\n\n<p>El jefe del Comando Conjunto de las Fuerzas Armadas de Ecuador, Jaime Vela, afirm\u00f3 el martes en cadena nacional que todas las organizaciones criminales calificadas como terroristas por el gobierno se \u00abhan convertido en un objetivo militar\u00bb, luego de la serie de actos violentos registrados en las \u00faltimas horas en el pa\u00eds.<\/p>\n\n\n\n<p>\u00abEl se\u00f1or Presidente de la Rep\u00fablica, Daniel Noboa Azin, a trav\u00e9s del decreto ejecutivo n\u00famero 111 nos estableci\u00f3 una misi\u00f3n muy clara: a partir de este momento todo grupo terrorista identificado en el mencionado decreto se ha convertido en un objetivo militar\u00bb, asever\u00f3 en un mensaje a la naci\u00f3n acompa\u00f1ado por la ministra de Gobierno, M\u00f3nica Palencia, y varios funcionarios del ejecutivo, tras concluir la reuni\u00f3n urgente convocada por el Consejo de Seguridad P\u00fablica y del Estado, encabezada por el mandatario.<\/p>\n\n\n\n<p>El militar se\u00f1al\u00f3 que los sucesos registrados en el pa\u00eds responden a las acciones y decisiones adoptadas por el gobierno, que afectan a las estructuras criminales, las cuales, en respuesta, han desatado una ola de violencia para atemorizar a la poblaci\u00f3n.<\/p>\n\n\n\n<p>Indic\u00f3 que estas agrupaciones han cometido \u00abactos sangrientos y sin precedentes en la historia de la naci\u00f3n\u00bb, pero advirti\u00f3 que, pese a la brutal maldad, su intento fracasar\u00e1.<\/p>\n\n\n\n<p>\u00abEl presente y el futuro de nuestra patria est\u00e1 en juego y ning\u00fan acto de terror nos har\u00e1 claudicar. No vamos a retroceder ni a negociar. El bien, la justicia y el orden no pueden pedirle permiso ni agacharle la cabeza a terroristas\u00bb, asever\u00f3.<\/p>\n\n\n\n<p>El pronunciamiento tiene lugar a pocas horas que el presidente firmara el decreto ejecutivo donde identific\u00f3 a varios grupos del crimen organizado transnacional como organizaciones terroristas y actores no estatales beligerantes.<\/p>\n\n\n\n<p>Los grupos mencionados son: \u00c1guilas, \u00c1guilasKiller, Ak47, Caballeros Oscuros, ChoneKiller, Choneros, Covicheros, Cuartel de las Feas, Cubanos, Fatales, G\u00e1nster, Kater Piler, Lagartos, Latin Kings, Lobos, Los p.27, Los Tiburones, Mafia 18, Mafia Tr\u00e9bol, Patrones, R7, Tiguerones\u00bb.<\/p>\n\n\n\n<p>Adem\u00e1s, se orden\u00f3 a las Fuerzas Armadas ejecutar operaciones militares para neutralizar a estos grupos.<\/p>\n\n\n\n<p>EL ORIGEN<\/p>\n\n\n\n<p>La situaci\u00f3n de inseguridad se desat\u00f3 el domingo luego que se informara la evasi\u00f3n de la c\u00e1rcel de Adolfo Mac\u00edas, alias \u201cFito\u201d, l\u00edder del grupo delincuencial organizado \u201cLos Choneros\u201d, quien cumpl\u00eda 34 a\u00f1os de prisi\u00f3n por narcotr\u00e1fico y asesinato y ha sido vinculado con un c\u00e1rtel de la droga mexicano.<\/p>\n\n\n\n<p>El martes las alarmas se dispararon a nivel nacional cuando un grupo de delincuentes ingresaron a un canal de televisi\u00f3n y neutralizaron a su personal con explosivos, mientras mostraban sus armas ante las c\u00e1maras, lo cual gener\u00f3 conmoci\u00f3n en el pa\u00eds.<\/p>\n\n\n\n<p>Ecuador tuvo en 2023 el a\u00f1o m\u00e1s violento de su historia, con m\u00e1s de siete mil homicidios, lo que llev\u00f3 al pa\u00eds a tener una de las tasas de asesinatos de las m\u00e1s altas de Am\u00e9rica Latina.<\/p>\n\n\n\n<p>Tan solo hace cuatro a\u00f1os, Ecuador era uno de los pa\u00edses m\u00e1s seguros de la regi\u00f3n, dio a conocer la agencia Sputnik.<\/p>\n\n\n\n<p>El DECRETO<\/p>\n\n\n\n<p>El presidente de Ecuador, Daniel Noboa, firm\u00f3 este martes un decreto en el que declara \u00abla existencia de un conflicto armado interno\u00bb en el pa\u00eds latinoamericano debido a la espiral de violencia desencadenada por la actividad de grupos \u00abnarcoterroristas\u00bb.<\/p>\n\n\n\n<p>En el decreto, que entr\u00f3 en vigor a partir de este mismo martes, ordena a las Fuerzas Armadas \u00abejecutar operaciones militares\u00bb bajo el Derecho Internacional Humanitario y respetando los Derechos Humanos con el objetivo de \u00abneutralizar\u00bb a los grupos armados.<\/p>\n\n\n\n<p>En el texto se nombran a organizaciones y actores no estatales beligerantes como la banda delictiva \u201cLos \u00c1guilas\u201d, la pandilla de \u201cLos Lobos\u201d, los conocidos \u201cLatin Kings\u201d, la banda criminal de \u201cLos Tiburones\u201d o el cartel del narcotr\u00e1fico \u201cLos Choneros\u201d, entre otros.<\/p>\n\n\n\n<p>Esto se produce despu\u00e9s de que Daniel Noboa decretase en la v\u00edspera el estado de excepci\u00f3n para permitir a los mandos policiales y militares intervenir las c\u00e1rceles tras asegurar que el pa\u00eds vive \u00abuna crisis de seguridad penitenciaria\u00bb.<\/p>\n","protected":false},"excerpt":{"rendered":"<p>Redacci\u00f3n\/Zona Roja Cdmx. Ciudad de M\u00e9xico, a 10 de enero de 2024.- La violencia provocada&hellip;<\/p>\n","protected":false},"author":2,"featured_media":64090,"comment_status":"closed","ping_status":"open","sticky":false,"template":"","format":"standard","meta":{"_lmt_disableupdate":"","_lmt_disable":"","_jetpack_memberships_contains_paid_content":false,"footnotes":""},"categories":[109,47],"tags":[3804],"class_list":["post-64089","post","type-post","status-publish","format-standard","has-post-thumbnail","hentry","category-minuto-a-minuto","category-zona-gris","tag-crisis-en-ecuador"],"jetpack_featured_media_url":"https:\/\/zonaroja.com.mx\/wp-content\/uploads\/2024\/01\/Crisis-Ecuador.jpeg","jetpack_sharing_enabled":true,"_links":{"self":[{"href":"https:\/\/zonaroja.com.mx\/index.php?rest_route=\/wp\/v2\/posts\/64089","targetHints":{"allow":["GET"]}}],"collection":[{"href":"https:\/\/zonaroja.com.mx\/index.php?rest_route=\/wp\/v2\/posts"}],"about":[{"href":"https:\/\/zonaroja.com.mx\/index.php?rest_route=\/wp\/v2\/types\/post"}],"author":[{"embeddable":true,"href":"https:\/\/zonaroja.com.mx\/index.php?rest_route=\/wp\/v2\/users\/2"}],"replies":[{"embeddable":true,"href":"https:\/\/zonaroja.com.mx\/index.php?rest_route=%2Fwp%2Fv2%2Fcomments&post=64089"}],"version-history":[{"count":1,"href":"https:\/\/zonaroja.com.mx\/index.php?rest_route=\/wp\/v2\/posts\/64089\/revisions"}],"predecessor-version":[{"id":64091,"href":"https:\/\/zonaroja.com.mx\/index.php?rest_route=\/wp\/v2\/posts\/64089\/revisions\/64091"}],"wp:featuredmedia":[{"embeddable":true,"href":"https:\/\/zonaroja.com.mx\/index.php?rest_route=\/wp\/v2\/media\/64090"}],"wp:attachment":[{"href":"https:\/\/zonaroja.com.mx\/index.php?rest_route=%2Fwp%2Fv2%2Fmedia&parent=64089"}],"wp:term":[{"taxonomy":"category","embeddable":true,"href":"https:\/\/zonaroja.com.mx\/index.php?rest_route=%2Fwp%2Fv2%2Fcategories&post=64089"},{"taxonomy":"post_tag","embeddable":true,"href":"https:\/\/zonaroja.com.mx\/index.php?rest_route=%2Fwp%2Fv2%2Ftags&post=64089"}],"curies":[{"name":"wp","href":"https:\/\/api.w.org\/{rel}","templated":true}]}}