{"id":64098,"date":"2024-01-10T12:30:00","date_gmt":"2024-01-10T18:30:00","guid":{"rendered":"http:\/\/www.zonaroja.com.mx\/?p=64098"},"modified":"2024-01-10T07:59:03","modified_gmt":"2024-01-10T13:59:03","slug":"con-reinscripciones-alista-el-cobao-inicio-de-ciclo-escolar-2024a","status":"publish","type":"post","link":"https:\/\/zonaroja.com.mx\/?p=64098","title":{"rendered":"Con reinscripciones, alista el Cobao inicio de ciclo escolar 2024\u2019A"},"content":{"rendered":"\n<p>Redacci\u00f3n\/Zona Roja.<\/p>\n\n\n\n<p>Oaxaca de Ju\u00e1rez, Oax., a 10 de enero de 2024.- El Colegio de Bachilleres del Estado de Oaxaca (Cobao) se encuentra en etapa de preinscripciones, lapso en el cual docentes y administrativos se preparan para el inicio del ciclo 2024&#8217;A de m\u00e1s de 35 mil bachilleres en febrero pr\u00f3ximo<\/p>\n\n\n\n<p>La directora general de la instituci\u00f3n, Ver\u00f3nica Hern\u00e1ndez Gonz\u00e1lez, encabez\u00f3 una nueva reuni\u00f3n de trabajo con directores, subdirectores, coordinadoras y coordinadores de \u00e1rea, para revisar el balance de la etapa actual de trabajo del subsistema educativo.&nbsp;<\/p>\n\n\n\n<p>Les invit\u00f3 a seguir con el mayor de sus esfuerzos, en aras de continuar como el mejor subsistema de Educaci\u00f3n Media Superior en la entidad, conforme a la instrucci\u00f3n del gobernador Salom\u00f3n Jara Cruz.&nbsp;<\/p>\n\n\n\n<p>Destac\u00f3 los avances logrados el a\u00f1o pasado, mediante la coordinaci\u00f3n de esfuerzos con los directores de los planteles y de los directivos del Cobao.<\/p>\n\n\n\n<p>Record\u00f3 que gracias al decreto emitido por el mandatario oaxaque\u00f1o y aprobado por el Congreso del Estado, los miles de estudiantes del nivel bachillerato no pagar\u00e1n m\u00e1s cuotas de inscripci\u00f3n.<\/p>\n\n\n\n<p>Exhort\u00f3 a la comunidad estudiantil, administrativa y acad\u00e9mica a seguir laborando con intensidad para lograr una instituci\u00f3n cada vez m\u00e1s fuerte y consolidada.<\/p>\n","protected":false},"excerpt":{"rendered":"<p>Redacci\u00f3n\/Zona Roja. Oaxaca de Ju\u00e1rez, Oax., a 10 de enero de 2024.- El Colegio de&hellip;<\/p>\n","protected":false},"author":2,"featured_media":64099,"comment_status":"closed","ping_status":"open","sticky":false,"template":"","format":"standard","meta":{"_lmt_disableupdate":"","_lmt_disable":"","_jetpack_memberships_contains_paid_content":false,"footnotes":""},"categories":[109,46],"tags":[2883],"class_list":["post-64098","post","type-post","status-publish","format-standard","has-post-thumbnail","hentry","category-minuto-a-minuto","category-zona-blanca","tag-colegio-de-bachilleres-de-oaxaca-cobao"],"jetpack_featured_media_url":"https:\/\/zonaroja.com.mx\/wp-content\/uploads\/2024\/01\/Directora-Cobao-Oaxaca-Veronica-Hernandez.jpeg","jetpack_sharing_enabled":true,"_links":{"self":[{"href":"https:\/\/zonaroja.com.mx\/index.php?rest_route=\/wp\/v2\/posts\/64098","targetHints":{"allow":["GET"]}}],"collection":[{"href":"https:\/\/zonaroja.com.mx\/index.php?rest_route=\/wp\/v2\/posts"}],"about":[{"href":"https:\/\/zonaroja.com.mx\/index.php?rest_route=\/wp\/v2\/types\/post"}],"author":[{"embeddable":true,"href":"https:\/\/zonaroja.com.mx\/index.php?rest_route=\/wp\/v2\/users\/2"}],"replies":[{"embeddable":true,"href":"https:\/\/zonaroja.com.mx\/index.php?rest_route=%2Fwp%2Fv2%2Fcomments&post=64098"}],"version-history":[{"count":1,"href":"https:\/\/zonaroja.com.mx\/index.php?rest_route=\/wp\/v2\/posts\/64098\/revisions"}],"predecessor-version":[{"id":64100,"href":"https:\/\/zonaroja.com.mx\/index.php?rest_route=\/wp\/v2\/posts\/64098\/revisions\/64100"}],"wp:featuredmedia":[{"embeddable":true,"href":"https:\/\/zonaroja.com.mx\/index.php?rest_route=\/wp\/v2\/media\/64099"}],"wp:attachment":[{"href":"https:\/\/zonaroja.com.mx\/index.php?rest_route=%2Fwp%2Fv2%2Fmedia&parent=64098"}],"wp:term":[{"taxonomy":"category","embeddable":true,"href":"https:\/\/zonaroja.com.mx\/index.php?rest_route=%2Fwp%2Fv2%2Fcategories&post=64098"},{"taxonomy":"post_tag","embeddable":true,"href":"https:\/\/zonaroja.com.mx\/index.php?rest_route=%2Fwp%2Fv2%2Ftags&post=64098"}],"curies":[{"name":"wp","href":"https:\/\/api.w.org\/{rel}","templated":true}]}}