{"id":64101,"date":"2024-01-10T11:30:00","date_gmt":"2024-01-10T17:30:00","guid":{"rendered":"http:\/\/www.zonaroja.com.mx\/?p=64101"},"modified":"2024-01-10T08:03:14","modified_gmt":"2024-01-10T14:03:14","slug":"promueve-litigio-estrategico-amparo-para-tipificar-como-delito-los-discursos-de-odio","status":"publish","type":"post","link":"https:\/\/zonaroja.com.mx\/?p=64101","title":{"rendered":"Promueve Litigio Estrat\u00e9gico amparo para tipificar como delito los discursos de odio"},"content":{"rendered":"\n<p>Redacci\u00f3n\/Zona Roja.<\/p>\n\n\n\n<p>Oaxaca de Ju\u00e1rez, Oax., a 10 de enero de 2024.- &nbsp;\u201cAmo mat\u00f3n, matarile al maric\u00f3n\u201d dice la canci\u00f3n de \u201cMolotov\u201d incitando a dar muerte a las personas con orientaci\u00f3n homosexual. Un trabajador de una empresa donde laboran personas jud\u00edas llevaba tatuada una cruz su\u00e1stica en el cuello: fue despedido. La Suprema Corte de Justicia de la Naci\u00f3n (SCJN) resolvi\u00f3 que el despido fue conforme a la ley: los discursos de odio no est\u00e1n protegidos por la Constituci\u00f3n. A pesar de eso, en las redes sociales todos los d\u00edas transitan los discursos de odio como parte de la cotidianidad: contra las mujeres, contra los ind\u00edgenas, contra los grupos de la diversidad sexual.<\/p>\n\n\n\n<p>El discurso de odio, es decir, las expresiones que promueven o justifican el odio por motivos racistas, xen\u00f3fobos, de g\u00e9nero, de orientaci\u00f3n sexual, est\u00e1n m\u00e1s vigentes que nunca. La SCJN ha reconocido que el discurso de odio es un l\u00edmite a la libertad de expresi\u00f3n, pero a pesar de la gravedad de la conducta no est\u00e1n considerados como delitos. No hay respuestas punitivas contra los discursos de odio.<\/p>\n\n\n\n<p>En 1975, el presidente Luis Echeverr\u00eda \u00c1lvarez, suscribi\u00f3 la Convenci\u00f3n Internacional sobre la Eliminaci\u00f3n de todas las Formas de Discriminaci\u00f3n Racial. Al firmar este tratado M\u00e9xico se oblig\u00f3 a tipificar como delitos toda difusi\u00f3n de ideas basadas en la superioridad o en el odio racial as\u00ed como todo acto de violencia o la incitaci\u00f3n a cometer violencia contra personas de cualquier raza o grupo de personas, incluida la financiaci\u00f3n de ese tipo de conductas.<\/p>\n\n\n\n<p>Pasaron 49 a\u00f1os y el Congreso de Oaxaca no tipific\u00f3 los discursos de odio como delitos. Por eso, Litigio Estrat\u00e9gico Ind\u00edgena A.C. promovi\u00f3 un juicio de amparo para obligar al Congreso de Oaxaca a tipificar como delito la difusi\u00f3n de ideas basadas en la superioridad de razas o en el odio racial.<\/p>\n\n\n\n<p>El juicio de amparo fue presentado el d\u00eda 8 de enero de 2024 y correspondi\u00f3 conocer del juicio al juez sexto de Distrito en el Estado de Oaxaca. El juez federal deber\u00e1 solicitar los informes al Congreso del Estado de Oaxaca y verificar si efectivamente existi\u00f3 la omisi\u00f3n legislativa absoluta. En ese caso, el Poder Judicial de la Federaci\u00f3n ordenar\u00e1 al Congreso estatal que incorpore al C\u00f3digo Penal de Oaxaca los discursos de odio como delito.<\/p>\n\n\n\n<p>Mariana Y\u00e1\u00f1ez Unda, vicepresidenta de Litigio Estrat\u00e9gico Ind\u00edgena A.C. inform\u00f3 que la promoci\u00f3n de este tipo de amparos contra las omisiones legislativas tiene como prop\u00f3sito mejorar el dise\u00f1o normativo en Oaxaca. Record\u00f3 que el trabajo de Litigio Estrat\u00e9gico Ind\u00edgena gener\u00f3 la Ley de Consulta Previa de Oaxaca. Es necesario \u2013apunt\u00f3\u2014que el legislador oaxaque\u00f1o en su tarea de legislar no se gu\u00ede por ocurrencias, sino por mandatos constitucionales y convencionales, como acontece en el presente caso.<\/p>\n\n\n\n<p>(Comunicado)<\/p>\n","protected":false},"excerpt":{"rendered":"<p>Redacci\u00f3n\/Zona Roja. Oaxaca de Ju\u00e1rez, Oax., a 10 de enero de 2024.- &nbsp;\u201cAmo mat\u00f3n, matarile&hellip;<\/p>\n","protected":false},"author":2,"featured_media":64102,"comment_status":"closed","ping_status":"open","sticky":false,"template":"","format":"standard","meta":{"_lmt_disableupdate":"","_lmt_disable":"","_jetpack_memberships_contains_paid_content":false,"footnotes":""},"categories":[109,46],"tags":[897],"class_list":["post-64101","post","type-post","status-publish","format-standard","has-post-thumbnail","hentry","category-minuto-a-minuto","category-zona-blanca","tag-litigio-estrategico-indigena"],"jetpack_featured_media_url":"https:\/\/zonaroja.com.mx\/wp-content\/uploads\/2024\/01\/Discursos-de-odio.jpeg","jetpack_sharing_enabled":true,"_links":{"self":[{"href":"https:\/\/zonaroja.com.mx\/index.php?rest_route=\/wp\/v2\/posts\/64101","targetHints":{"allow":["GET"]}}],"collection":[{"href":"https:\/\/zonaroja.com.mx\/index.php?rest_route=\/wp\/v2\/posts"}],"about":[{"href":"https:\/\/zonaroja.com.mx\/index.php?rest_route=\/wp\/v2\/types\/post"}],"author":[{"embeddable":true,"href":"https:\/\/zonaroja.com.mx\/index.php?rest_route=\/wp\/v2\/users\/2"}],"replies":[{"embeddable":true,"href":"https:\/\/zonaroja.com.mx\/index.php?rest_route=%2Fwp%2Fv2%2Fcomments&post=64101"}],"version-history":[{"count":1,"href":"https:\/\/zonaroja.com.mx\/index.php?rest_route=\/wp\/v2\/posts\/64101\/revisions"}],"predecessor-version":[{"id":64103,"href":"https:\/\/zonaroja.com.mx\/index.php?rest_route=\/wp\/v2\/posts\/64101\/revisions\/64103"}],"wp:featuredmedia":[{"embeddable":true,"href":"https:\/\/zonaroja.com.mx\/index.php?rest_route=\/wp\/v2\/media\/64102"}],"wp:attachment":[{"href":"https:\/\/zonaroja.com.mx\/index.php?rest_route=%2Fwp%2Fv2%2Fmedia&parent=64101"}],"wp:term":[{"taxonomy":"category","embeddable":true,"href":"https:\/\/zonaroja.com.mx\/index.php?rest_route=%2Fwp%2Fv2%2Fcategories&post=64101"},{"taxonomy":"post_tag","embeddable":true,"href":"https:\/\/zonaroja.com.mx\/index.php?rest_route=%2Fwp%2Fv2%2Ftags&post=64101"}],"curies":[{"name":"wp","href":"https:\/\/api.w.org\/{rel}","templated":true}]}}