{"id":64104,"date":"2024-01-10T14:16:03","date_gmt":"2024-01-10T20:16:03","guid":{"rendered":"http:\/\/www.zonaroja.com.mx\/?p=64104"},"modified":"2024-01-10T14:16:04","modified_gmt":"2024-01-10T20:16:04","slug":"cerro-salina-cruz-2023-con-38-homicidios-e-inicia-ano-con-4-mas","status":"publish","type":"post","link":"https:\/\/zonaroja.com.mx\/?p=64104","title":{"rendered":"Cerr\u00f3 Salina Cruz 2023 con 38 homicidios e inicia a\u00f1o con 4 m\u00e1s"},"content":{"rendered":"\n<p>Yuridiana Sosa\/Zona Roja.<\/p>\n\n\n\n<p>Oaxaca de Ju\u00e1rez, Oax., a 10 de enero de 2024.- La violencia en el puerto de Salina Cruz, en la regi\u00f3n del Istmo, se intensific\u00f3 este inicio de a\u00f1o con cuatro cr\u00edmenes, mientras que el 2023 cerr\u00f3 con un saldo preliminar de 38 homicidios dolosos.<\/p>\n\n\n\n<p>Ayer en el transcurro&nbsp;de la noche&nbsp;se registr\u00f3 el asesinato armado de tres personas, en hechos diferentes, lo que, de acuerdo al recuento de hechos, suma un saldo de cuatro personas v\u00edctimas de homicidio doloso en lo que va de enero.<\/p>\n\n\n\n<p>HECHOS RECIENTES<\/p>\n\n\n\n<p>Seg\u00fan informaci\u00f3n policial, el primer hecho de este 9 de enero ocurri\u00f3 en la calzada Refiner\u00eda, cerca de las instalaciones del Cuerpo de Bomberos, donde sujetos armados dispararon en contra de una unidad de motor tipo Jetta, marca Volkswagen, donde un hombre de 45 a\u00f1os muri\u00f3 y otro result\u00f3 lesionado. <\/p>\n\n\n\n<p>Casi de forma simult\u00e1nea, otro ataque se registr\u00f3 en la&nbsp;calle L\u00e1zaro C\u00e1rdenas&nbsp;de la colonia San Pablo Sur, en el que un var\u00f3n de 25 a\u00f1os falleci\u00f3.<\/p>\n\n\n\n<p>El tercer homicidio se registr\u00f3 contra una persona que fue identificada como Francisco Emiliano J.C. de 45 a\u00f1os de edad, quien muri\u00f3 en el hospital, tras el primer ataque armado. <\/p>\n\n\n\n<p>Mientras que el pasado 7 de enero un taxista fue acribillado dentro de su unidad del servicio de transporte, durante su jornada de trabajo.<\/p>\n\n\n\n<p>En todos los casos no hay personas detenidas, ante la omisi\u00f3n y deficiente actuaci\u00f3n de la polic\u00eda municipal y los nulos operativos por parte del gobierno municipal que preside el edil morenista Daniel M\u00e9ndez Sosa, quien busca reelegirse en el cargo. <\/p>\n\n\n\n<p>DATOS OFICIALES<\/p>\n\n\n\n<p>De acuerdo con datos del Secretariado Ejecutivo del Sistema de Seguridad P\u00fablica (SESNSP), Salina Cruz acumul\u00f3 un saldo preliminar de 36 homicidios dolosos de enero a noviembre, de los que 34 se cometieron con uso de arma de fuego.<\/p>\n\n\n\n<p>El secretariado detall\u00f3 en su \u00faltimo reporte que el mes m\u00e1s violento en el 2023 fue agosto, con un total de seis ejecuciones; siguieron julio y octubre con cinco; noviembre, cuatro; enero, abril, junio y septiembre, tres; mayo, dos; febrero y marzo, uno.&nbsp;<\/p>\n\n\n\n<p>A la cifra oficial se acumulan dos casos ocurridos durante diciembre, con lo que la cuenta en este municipio gobernado por el morenista Daniel M\u00e9ndez Sosa asciende a 38 asesinatos al cierre del a\u00f1o.<\/p>\n\n\n\n<p>El pasado 25 de diciembre, un hombre fue ejecutado a balazos y su cuerpo fue hallado en la calle&nbsp;12 de Octubrede la agencia Bah\u00eda La Ventosa. Mientras que el 1 de diciembre, ocurri\u00f3 el asesinato con arma de fuego de un mando policiaco local.<\/p>\n\n\n\n<p>Mientras que por otra parte, el 11 de diciembre se registr\u00f3 un ataque armado en la&nbsp;avenida Hidalgo de la colonia 5&nbsp;de Febrero, en el que una persona result\u00f3 con heridas de gravedad.<\/p>\n\n\n\n<p>En tanto que, el SESNSP, agreg\u00f3 que por lesiones dolosas se registraron 88 hechos; tres feminicidios; un secuestro; 16 eventos de narcomenudeo y 41 robos a transe\u00fantes en v\u00eda p\u00fablica, de los que 32 fueron con violencia.<\/p>\n","protected":false},"excerpt":{"rendered":"<p>Yuridiana Sosa\/Zona Roja. Oaxaca de Ju\u00e1rez, Oax., a 10 de enero de 2024.- La violencia&hellip;<\/p>\n","protected":false},"author":2,"featured_media":33195,"comment_status":"closed","ping_status":"open","sticky":false,"template":"","format":"standard","meta":{"_lmt_disableupdate":"","_lmt_disable":"","_jetpack_memberships_contains_paid_content":false,"footnotes":""},"categories":[109,47],"tags":[],"class_list":["post-64104","post","type-post","status-publish","format-standard","has-post-thumbnail","hentry","category-minuto-a-minuto","category-zona-gris"],"jetpack_featured_media_url":"https:\/\/zonaroja.com.mx\/wp-content\/uploads\/2021\/10\/Daniel-Mendez-Sosa.jpg","jetpack_sharing_enabled":true,"_links":{"self":[{"href":"https:\/\/zonaroja.com.mx\/index.php?rest_route=\/wp\/v2\/posts\/64104","targetHints":{"allow":["GET"]}}],"collection":[{"href":"https:\/\/zonaroja.com.mx\/index.php?rest_route=\/wp\/v2\/posts"}],"about":[{"href":"https:\/\/zonaroja.com.mx\/index.php?rest_route=\/wp\/v2\/types\/post"}],"author":[{"embeddable":true,"href":"https:\/\/zonaroja.com.mx\/index.php?rest_route=\/wp\/v2\/users\/2"}],"replies":[{"embeddable":true,"href":"https:\/\/zonaroja.com.mx\/index.php?rest_route=%2Fwp%2Fv2%2Fcomments&post=64104"}],"version-history":[{"count":1,"href":"https:\/\/zonaroja.com.mx\/index.php?rest_route=\/wp\/v2\/posts\/64104\/revisions"}],"predecessor-version":[{"id":64105,"href":"https:\/\/zonaroja.com.mx\/index.php?rest_route=\/wp\/v2\/posts\/64104\/revisions\/64105"}],"wp:featuredmedia":[{"embeddable":true,"href":"https:\/\/zonaroja.com.mx\/index.php?rest_route=\/wp\/v2\/media\/33195"}],"wp:attachment":[{"href":"https:\/\/zonaroja.com.mx\/index.php?rest_route=%2Fwp%2Fv2%2Fmedia&parent=64104"}],"wp:term":[{"taxonomy":"category","embeddable":true,"href":"https:\/\/zonaroja.com.mx\/index.php?rest_route=%2Fwp%2Fv2%2Fcategories&post=64104"},{"taxonomy":"post_tag","embeddable":true,"href":"https:\/\/zonaroja.com.mx\/index.php?rest_route=%2Fwp%2Fv2%2Ftags&post=64104"}],"curies":[{"name":"wp","href":"https:\/\/api.w.org\/{rel}","templated":true}]}}