{"id":64106,"date":"2024-01-10T18:46:01","date_gmt":"2024-01-11T00:46:01","guid":{"rendered":"http:\/\/www.zonaroja.com.mx\/?p=64106"},"modified":"2024-01-10T18:46:03","modified_gmt":"2024-01-11T00:46:03","slug":"denuncian-proveedores-de-uniformes-mas-enganos-de-secretaria-de-bienestar-y-exigen-transparencia","status":"publish","type":"post","link":"https:\/\/zonaroja.com.mx\/?p=64106","title":{"rendered":"Denuncian proveedores de uniformes m\u00e1s enga\u00f1os de Secretar\u00eda de Bienestar y exigen transparencia"},"content":{"rendered":"\n<p>Yuridiana Sosa\/Zona Roja.<\/p>\n\n\n\n<p>Oaxaca de Ju\u00e1rez, Oax., a 10 de enero de 2024.- A casi medio a\u00f1o de iniciado el ciclo escolar, proveedores de uniformes escolares de Oaxaca denunciaron que la Secretar\u00eda de Bienestar del gobierno estatal sigue con enga\u00f1os y sin claridad sobre su participaci\u00f3n en el programa de entrega de estas prendas a los alumnos del nivel b\u00e1sico.<\/p>\n\n\n\n<p>En conferencia de prensa, los textileros agrupado en el colectivo \u201cOcho Regiones\u201d, se\u00f1alaron que el titular de la Secretar\u00eda de Gobierno, Jes\u00fas Romero, los enga\u00f1\u00f3 sobre su posible participaci\u00f3n, mientras que la Secretar\u00eda de Bienestar, Tequio e Inclusi\u00f3n de Oaxaca (Sebienti), encargada del programa de uniformes, ahora les niega atenci\u00f3n, pues asegura que no \u201ctiene nada\u201d para este sector.<\/p>\n\n\n\n<p>La presidenta del grupo, Mar\u00eda Dolores \u00c1vila, revel\u00f3 que en octubre pasado se reunieron con la Secretar\u00eda de Gobierno, en la que se les inform\u00f3 sobre su posible participaci\u00f3n para la entrega de uniformes escolares, los cuales ya se entregan por parte de otros fabricantes que desconocen qui\u00e9nes son.<\/p>\n\n\n\n<p>Incluso, les recomend\u00f3 Romero L\u00f3pez, les dijo que no ten\u00eda informaci\u00f3n contraria, por lo que podr\u00edan ir avanzando con la producci\u00f3n de prendas para que a inicios de este a\u00f1o pudieran incorporarse como proveedores.<\/p>\n\n\n\n<p>Como parte del proceso, los proveedores tambi\u00e9n entregaron la documentaci\u00f3n que el gobierno les pidi\u00f3, y realizaron millonarias inversiones para la producci\u00f3n de mercanc\u00eda, indic\u00f3 la representante.<\/p>\n\n\n\n<p>Sin embargo, tras esa reuni\u00f3n ninguna autoridad ha contestado las llamadas de los proveedores y la encargada de despacho de la Sebienti, M\u00f3nica Bel\u00e9n L\u00f3pez, les inform\u00f3 que no tiene ning\u00fan asunto pendiente con ellos.<\/p>\n\n\n\n<p>\u201cInvertimos confiamos, en su palabra y nos damos cuenta que dice lo contrario y ahora nos preocupa m\u00e1s\u2026nos enga\u00f1\u00f3\u201d, se\u00f1al\u00f3 el proveedor Lorenzo Ortiz.<\/p>\n\n\n\n<p>El grupo \u201cOcho Regiones\u201d, demand\u00f3 a las autoridades del estado a rendir cuentas claras sobre qui\u00e9nes son los proveedores y c\u00f3mo fue la selecci\u00f3n debido a que, aseguran, no existi\u00f3 licitaci\u00f3n.<\/p>\n\n\n\n<p>As\u00ed tambi\u00e9n pidi\u00f3 a las autoridades a que informen de manera p\u00fablica sobre reglas de operaci\u00f3n del programa, para que tanto los proveedores como los padres de familia, que exigen a las empresas locales entregar uniformes como anteriormente lo hac\u00edan, tengan conocimiento de lo que ocurre.<\/p>\n\n\n\n<p>En tanto que, en esta ocasi\u00f3n desconocen la participaci\u00f3n del Instituto Estatal de Educaci\u00f3n P\u00fablica de Oaxaca (IEEPO), quien aparentemente s\u00f3lo se ha encargado de armar los paquetes en especie para su entrega a los alumnos.\u00a0<\/p>\n\n\n\n<figure class=\"wp-block-embed\"><div class=\"wp-block-embed__wrapper\">\nhttps:\/\/x.com\/ZonaRoja_Oaxaca\/status\/1745116253058998745?s=20\n<\/div><\/figure>\n","protected":false},"excerpt":{"rendered":"<p>Yuridiana Sosa\/Zona Roja. Oaxaca de Ju\u00e1rez, Oax., a 10 de enero de 2024.- A casi&hellip;<\/p>\n","protected":false},"author":2,"featured_media":64107,"comment_status":"closed","ping_status":"open","sticky":false,"template":"","format":"standard","meta":{"_lmt_disableupdate":"","_lmt_disable":"","_jetpack_memberships_contains_paid_content":false,"footnotes":""},"categories":[109,46],"tags":[535],"class_list":["post-64106","post","type-post","status-publish","format-standard","has-post-thumbnail","hentry","category-minuto-a-minuto","category-zona-blanca","tag-uniformes-escolares-oaxaca"],"jetpack_featured_media_url":"https:\/\/zonaroja.com.mx\/wp-content\/uploads\/2024\/01\/Conferencia-de-prensa-textileros-proveedores-de-uniformes.jpg","jetpack_sharing_enabled":true,"_links":{"self":[{"href":"https:\/\/zonaroja.com.mx\/index.php?rest_route=\/wp\/v2\/posts\/64106","targetHints":{"allow":["GET"]}}],"collection":[{"href":"https:\/\/zonaroja.com.mx\/index.php?rest_route=\/wp\/v2\/posts"}],"about":[{"href":"https:\/\/zonaroja.com.mx\/index.php?rest_route=\/wp\/v2\/types\/post"}],"author":[{"embeddable":true,"href":"https:\/\/zonaroja.com.mx\/index.php?rest_route=\/wp\/v2\/users\/2"}],"replies":[{"embeddable":true,"href":"https:\/\/zonaroja.com.mx\/index.php?rest_route=%2Fwp%2Fv2%2Fcomments&post=64106"}],"version-history":[{"count":1,"href":"https:\/\/zonaroja.com.mx\/index.php?rest_route=\/wp\/v2\/posts\/64106\/revisions"}],"predecessor-version":[{"id":64108,"href":"https:\/\/zonaroja.com.mx\/index.php?rest_route=\/wp\/v2\/posts\/64106\/revisions\/64108"}],"wp:featuredmedia":[{"embeddable":true,"href":"https:\/\/zonaroja.com.mx\/index.php?rest_route=\/wp\/v2\/media\/64107"}],"wp:attachment":[{"href":"https:\/\/zonaroja.com.mx\/index.php?rest_route=%2Fwp%2Fv2%2Fmedia&parent=64106"}],"wp:term":[{"taxonomy":"category","embeddable":true,"href":"https:\/\/zonaroja.com.mx\/index.php?rest_route=%2Fwp%2Fv2%2Fcategories&post=64106"},{"taxonomy":"post_tag","embeddable":true,"href":"https:\/\/zonaroja.com.mx\/index.php?rest_route=%2Fwp%2Fv2%2Ftags&post=64106"}],"curies":[{"name":"wp","href":"https:\/\/api.w.org\/{rel}","templated":true}]}}