{"id":64112,"date":"2024-01-10T20:57:06","date_gmt":"2024-01-11T02:57:06","guid":{"rendered":"http:\/\/www.zonaroja.com.mx\/?p=64112"},"modified":"2024-01-10T20:57:08","modified_gmt":"2024-01-11T02:57:08","slug":"recibe-congreso-solicitud-de-gobernador-para-deuda-por-17-mil-mdp","status":"publish","type":"post","link":"https:\/\/zonaroja.com.mx\/?p=64112","title":{"rendered":"Recibe Congreso solicitud de gobernador para deuda por 17 mil mdp"},"content":{"rendered":"\n<p>Ismael Garc\u00eda M.\/Zona Roja.<\/p>\n\n\n\n<p>Oaxaca de Ju\u00e1rez, Oax., a 10 de enero de 2024.- El Congreso del Estado de Oaxaca recibi\u00f3 y turn\u00f3 a comisiones una solicitud del gobernador Salom\u00f3n Jara Cruz, para que se le autorice un cr\u00e9dito hasta por 16 mil 408 millones 640.96 pesos y otro hasta por 503 millones de pesos.<\/p>\n\n\n\n<p>El argumento, de acuerdo con la petici\u00f3n formulada a trav\u00e9s de la Consejer\u00eda Jur\u00eddica y Asistencia Legal, es para refinanciar la deuda p\u00fablica heredada de la administraci\u00f3n anterior, que encabez\u00f3 el ex priista Alejandro Murat.<\/p>\n\n\n\n<p>Con ello \u201cse alcanzar\u00e1 un uso m\u00e1s racional y eficiente de las fuentes de pago del estado y se mejoran las condiciones contractuales de los cr\u00e9ditos vigentes\u201d, expuso en la justificaci\u00f3n de motivos.<\/p>\n\n\n\n<p>Adem\u00e1s, hay otra petici\u00f3n de un empr\u00e9stito adicional, \u00e9ste por 503 millones 046 mil 500.44 pesos, \u201cpara constituir fondos de reserva o financiamientos que, en su caso, se celebren para refinanciar y\/o reestructurar los cr\u00e9ditos que forman parte de la deuda p\u00fablica de largo plazo.<\/p>\n\n\n\n<p>\u201cY tambi\u00e9n se autorizan la contrataci\u00f3n de un monto hasta por la cantidad equivalente al 0.15% del monto de los financiamientos que se celebren, en su caso, para cubrir los gastos y costos relacionados con la contrataci\u00f3n\u201d.&nbsp;<\/p>\n\n\n\n<p>Sobre la forma de cubrirlos, expone:&nbsp;<\/p>\n\n\n\n<p>\u201cLos nuevos financiamientos podr\u00e1n instrumentarse a trav\u00e9s de uno o varios contratos de cr\u00e9dito hasta por un plazo de 30 a\u00f1os, precisando el plazo m\u00e1ximo en d\u00edas y fecha espec\u00edfica para su vencimiento, a partir de la fecha de suscripci\u00f3n de los contratos\u201d.<\/p>\n\n\n\n<p>La solicitud fue turnada a comisiones y no se dio a conocer su lectura p\u00fablicamente; hasta la tarde de hoy tampoco se hab\u00eda dado a conocer en el portal del Congreso del Estado.<\/p>\n","protected":false},"excerpt":{"rendered":"<p>Ismael Garc\u00eda M.\/Zona Roja. Oaxaca de Ju\u00e1rez, Oax., a 10 de enero de 2024.- El&hellip;<\/p>\n","protected":false},"author":2,"featured_media":64113,"comment_status":"closed","ping_status":"open","sticky":false,"template":"","format":"standard","meta":{"_lmt_disableupdate":"","_lmt_disable":"","_jetpack_memberships_contains_paid_content":false,"footnotes":""},"categories":[109,47],"tags":[2743,939],"class_list":["post-64112","post","type-post","status-publish","format-standard","has-post-thumbnail","hentry","category-minuto-a-minuto","category-zona-gris","tag-65-legislatura-del-estado-de-oaxaca","tag-salomon-jara-cruz"],"jetpack_featured_media_url":"https:\/\/zonaroja.com.mx\/wp-content\/uploads\/2024\/01\/Sesion-Congreso-del-Estado-.jpeg","jetpack_sharing_enabled":true,"_links":{"self":[{"href":"https:\/\/zonaroja.com.mx\/index.php?rest_route=\/wp\/v2\/posts\/64112","targetHints":{"allow":["GET"]}}],"collection":[{"href":"https:\/\/zonaroja.com.mx\/index.php?rest_route=\/wp\/v2\/posts"}],"about":[{"href":"https:\/\/zonaroja.com.mx\/index.php?rest_route=\/wp\/v2\/types\/post"}],"author":[{"embeddable":true,"href":"https:\/\/zonaroja.com.mx\/index.php?rest_route=\/wp\/v2\/users\/2"}],"replies":[{"embeddable":true,"href":"https:\/\/zonaroja.com.mx\/index.php?rest_route=%2Fwp%2Fv2%2Fcomments&post=64112"}],"version-history":[{"count":1,"href":"https:\/\/zonaroja.com.mx\/index.php?rest_route=\/wp\/v2\/posts\/64112\/revisions"}],"predecessor-version":[{"id":64114,"href":"https:\/\/zonaroja.com.mx\/index.php?rest_route=\/wp\/v2\/posts\/64112\/revisions\/64114"}],"wp:featuredmedia":[{"embeddable":true,"href":"https:\/\/zonaroja.com.mx\/index.php?rest_route=\/wp\/v2\/media\/64113"}],"wp:attachment":[{"href":"https:\/\/zonaroja.com.mx\/index.php?rest_route=%2Fwp%2Fv2%2Fmedia&parent=64112"}],"wp:term":[{"taxonomy":"category","embeddable":true,"href":"https:\/\/zonaroja.com.mx\/index.php?rest_route=%2Fwp%2Fv2%2Fcategories&post=64112"},{"taxonomy":"post_tag","embeddable":true,"href":"https:\/\/zonaroja.com.mx\/index.php?rest_route=%2Fwp%2Fv2%2Ftags&post=64112"}],"curies":[{"name":"wp","href":"https:\/\/api.w.org\/{rel}","templated":true}]}}