{"id":64115,"date":"2024-01-10T22:02:26","date_gmt":"2024-01-11T04:02:26","guid":{"rendered":"http:\/\/www.zonaroja.com.mx\/?p=64115"},"modified":"2024-01-10T22:02:27","modified_gmt":"2024-01-11T04:02:27","slug":"interes-electoral-por-relevo-de-la-direccion-el-trasfondo-de-la-toma-de-prepa-7","status":"publish","type":"post","link":"https:\/\/zonaroja.com.mx\/?p=64115","title":{"rendered":"Inter\u00e9s electoral por relevo de la direcci\u00f3n, el trasfondo de la \u201ctoma\u201d de Prepa 7"},"content":{"rendered":"\n<p>Yuridiana Sosa\/Zona Roja.<\/p>\n\n\n\n<p>Oaxaca de Ju\u00e1rez, Oax., a 10 de enero de 2024.- A m\u00e1s de 24 hora de la \u201ctoma\u201d de las instalaciones de la Preparatorio n\u00famero 7 de la Universidad Aut\u00f3noma \u201cBenito Ju\u00e1rez\u201d de Oaxaca (UABJO), autoridades del plantel se\u00f1alaron que la protesta obedece a intereses por ocupar la nueva administraci\u00f3n de la direcci\u00f3n.<\/p>\n\n\n\n<p>En conferencia de prensa, desde la rector\u00eda de la Universidad, la directora de la instituci\u00f3n, Irma Yolanda Ortiz Acosta, acompa\u00f1ada de docentes y consejeros T\u00e9cnicos y Universitarios, asegur\u00f3 que dos reducidos grupos de docentes se aliaron para desestabilizar las \u00faltimas semanas de su gesti\u00f3n, la cual culmina en mayo.<\/p>\n\n\n\n<p>Ante eso, en los pr\u00f3ximos meses se desarrollar\u00e1n elecciones internas, en la que alumnos, docentes y trabajadores votar\u00e1n para elegir a sus nuevas autoridades acad\u00e9micas.<\/p>\n\n\n\n<p>La directora indic\u00f3 que los participantes en las protestas son encabezadas, primero, por un grupo que en 2006 tambi\u00e9n protagoniz\u00f3 una protesta que dej\u00f3 como saldo un alumno muerto; y el otro est\u00e1 a cargo de Mar\u00eda del Refugio Caballero, quien s\u00f3lo como docente, pero no forma parte de la vida acad\u00e9mica de la Prepa 7, pues trabaja de tiempo completo en la Escuela Normal de Educaci\u00f3n Preescolar.<\/p>\n\n\n\n<p>En el acceso del plantel, en la calle 20 de Noviembre, en inmediaciones del Perif\u00e9rico, se colg\u00f3 una manta con la leyenda: \u201cBasta de autoritarismo; alto al desplazamiento de catedr\u00e1ticos; no al acoso sexual de Omar Mora Cuevas; basta de tr\u00e1fico de calificaciones; exigimos auditoria\u201d.<\/p>\n\n\n\n<p>PRIMER MESA SIN ACUERDOS<\/p>\n\n\n\n<p>Ortiz Acosta indic\u00f3 que desde la tarde del martes se entabl\u00f3, junto con el rector Cristian Eder Carre\u00f1o, una mesa de di\u00e1logo con las partes inconformes, pero no se lleg\u00f3 a ning\u00fan acuerdo.<\/p>\n\n\n\n<p>Apunt\u00f3 que los inconformes presentaron un pliego de peticiones de 10 puntos, sin embargo, el punto principal de la molestia fue por un supuesto desplazamiento de horas, de lo cual la direcci\u00f3n de la Prepa 7 no es responsable y los quejosos han recibido sus salarios completos.<\/p>\n\n\n\n<p>La directora llam\u00f3 a los padres de familia y alumnos a no acudir a la convocatoria de los grupos inconformes para sumarse a la protesta.<\/p>\n\n\n\n<p>En tanto que los docentes demandan al rector de la UABJO a dar soluci\u00f3n de forma inmediata para evitar mayores afectaciones acad\u00e9micas para m\u00e1s de mil 700 estudiantes.<\/p>\n","protected":false},"excerpt":{"rendered":"<p>Yuridiana Sosa\/Zona Roja. Oaxaca de Ju\u00e1rez, Oax., a 10 de enero de 2024.- A m\u00e1s&hellip;<\/p>\n","protected":false},"author":2,"featured_media":64116,"comment_status":"closed","ping_status":"open","sticky":false,"template":"","format":"standard","meta":{"_lmt_disableupdate":"","_lmt_disable":"","_jetpack_memberships_contains_paid_content":false,"footnotes":""},"categories":[109,47],"tags":[3805],"class_list":["post-64115","post","type-post","status-publish","format-standard","has-post-thumbnail","hentry","category-minuto-a-minuto","category-zona-gris","tag-irma-yolanda-ortiz-acosta"],"jetpack_featured_media_url":"https:\/\/zonaroja.com.mx\/wp-content\/uploads\/2024\/01\/Conferencia-Prepa-7.jpg","jetpack_sharing_enabled":true,"_links":{"self":[{"href":"https:\/\/zonaroja.com.mx\/index.php?rest_route=\/wp\/v2\/posts\/64115","targetHints":{"allow":["GET"]}}],"collection":[{"href":"https:\/\/zonaroja.com.mx\/index.php?rest_route=\/wp\/v2\/posts"}],"about":[{"href":"https:\/\/zonaroja.com.mx\/index.php?rest_route=\/wp\/v2\/types\/post"}],"author":[{"embeddable":true,"href":"https:\/\/zonaroja.com.mx\/index.php?rest_route=\/wp\/v2\/users\/2"}],"replies":[{"embeddable":true,"href":"https:\/\/zonaroja.com.mx\/index.php?rest_route=%2Fwp%2Fv2%2Fcomments&post=64115"}],"version-history":[{"count":1,"href":"https:\/\/zonaroja.com.mx\/index.php?rest_route=\/wp\/v2\/posts\/64115\/revisions"}],"predecessor-version":[{"id":64117,"href":"https:\/\/zonaroja.com.mx\/index.php?rest_route=\/wp\/v2\/posts\/64115\/revisions\/64117"}],"wp:featuredmedia":[{"embeddable":true,"href":"https:\/\/zonaroja.com.mx\/index.php?rest_route=\/wp\/v2\/media\/64116"}],"wp:attachment":[{"href":"https:\/\/zonaroja.com.mx\/index.php?rest_route=%2Fwp%2Fv2%2Fmedia&parent=64115"}],"wp:term":[{"taxonomy":"category","embeddable":true,"href":"https:\/\/zonaroja.com.mx\/index.php?rest_route=%2Fwp%2Fv2%2Fcategories&post=64115"},{"taxonomy":"post_tag","embeddable":true,"href":"https:\/\/zonaroja.com.mx\/index.php?rest_route=%2Fwp%2Fv2%2Ftags&post=64115"}],"curies":[{"name":"wp","href":"https:\/\/api.w.org\/{rel}","templated":true}]}}