{"id":64118,"date":"2024-01-10T22:32:30","date_gmt":"2024-01-11T04:32:30","guid":{"rendered":"http:\/\/www.zonaroja.com.mx\/?p=64118"},"modified":"2024-01-10T22:32:32","modified_gmt":"2024-01-11T04:32:32","slug":"criminal-violencia-en-capital-de-oaxaca-asesinan-a-mujer-y-lesionan-a-individuo","status":"publish","type":"post","link":"https:\/\/zonaroja.com.mx\/?p=64118","title":{"rendered":"Criminal violencia en capital de Oaxaca: asesinan a mujer y lesionan a individuo"},"content":{"rendered":"\n<p>Ismael Garc\u00eda M.\/Zona Roja.<\/p>\n\n\n\n<p>Oaxaca de Ju\u00e1rez, Oax., a 10 de enero de 2024.- Un ataque armado en la ciudad de Oaxaca dej\u00f3 como saldo una persona del sexo femenino fallecida y un individuo lesionado.<\/p>\n\n\n\n<p>Los hechos sucedieron aproximadamente a las 20:00 horas en jurisdicci\u00f3n de San Mart\u00edn Mexic\u00e1pam, agencia de la capital, donde dos sujetos a bordo de una motocicleta en contra de dos personas que viajaban a bordo de una unidad de motor.<\/p>\n\n\n\n<p>El chofer logr\u00f3 conducir el veh\u00edculo metros adelante, a la llamada \u201cCl\u00ednica del Pueblo\u201d, donde pidi\u00f3 ayuda m\u00e9dica; sin embargo, los param\u00e9dicos corroboraron que la femenina ya hab\u00eda perdido la vida; el masculino fue referido a un hospital del centro de la ciudad.<\/p>\n\n\n\n<p>Las v\u00edctimas fueron identificadas como Florinda L. A., mientras que Enrique G. C., de 40 a\u00f1os de edad, convalece; una menor de seis a\u00f1os de edad result\u00f3 ilesa.<\/p>\n\n\n\n<p>De acuerdo con el periodista \u00c1lvaro L\u00f3pez, del portal Oaxaca, quien estuvo en el lugar de los hechos, se trata de panaderos que acud\u00edan a entregar un pedido y fueron agredidos a balazos mientras esperaban al cliente.<\/p>\n\n\n\n<p>El hombre presenta dos impactos en el el t\u00f3rax y cuello respectivamente, por lo que fue canalizado al Hospital Civil, debido a que la cl\u00ednica no cuenta con equipo adecuado para atender la situaci\u00f3n.<\/p>\n\n\n\n<p>Los polic\u00edas municipales del gobierno que encabeza Francisco Mart\u00ednez Neri arribaron tarde al sitio del ataque, por lo cual no lograron ninguna detenci\u00f3n pese a supuestos operativos. Personal de la Fiscal\u00eda General del Estado de Oaxaca indaga el crimen bajo los protocolos de feminicidio.<\/p>\n","protected":false},"excerpt":{"rendered":"<p>Ismael Garc\u00eda M.\/Zona Roja. Oaxaca de Ju\u00e1rez, Oax., a 10 de enero de 2024.- Un&hellip;<\/p>\n","protected":false},"author":2,"featured_media":64119,"comment_status":"closed","ping_status":"open","sticky":false,"template":"","format":"standard","meta":{"_lmt_disableupdate":"","_lmt_disable":"","_jetpack_memberships_contains_paid_content":false,"footnotes":""},"categories":[109,51],"tags":[148],"class_list":["post-64118","post","type-post","status-publish","format-standard","has-post-thumbnail","hentry","category-minuto-a-minuto","category-zona-roja","tag-oaxaca-de-juarez"],"jetpack_featured_media_url":"https:\/\/zonaroja.com.mx\/wp-content\/uploads\/2024\/01\/Ataque-armado-ciudad-de-Oaxaca-mujer-asesinada.jpg","jetpack_sharing_enabled":true,"_links":{"self":[{"href":"https:\/\/zonaroja.com.mx\/index.php?rest_route=\/wp\/v2\/posts\/64118","targetHints":{"allow":["GET"]}}],"collection":[{"href":"https:\/\/zonaroja.com.mx\/index.php?rest_route=\/wp\/v2\/posts"}],"about":[{"href":"https:\/\/zonaroja.com.mx\/index.php?rest_route=\/wp\/v2\/types\/post"}],"author":[{"embeddable":true,"href":"https:\/\/zonaroja.com.mx\/index.php?rest_route=\/wp\/v2\/users\/2"}],"replies":[{"embeddable":true,"href":"https:\/\/zonaroja.com.mx\/index.php?rest_route=%2Fwp%2Fv2%2Fcomments&post=64118"}],"version-history":[{"count":1,"href":"https:\/\/zonaroja.com.mx\/index.php?rest_route=\/wp\/v2\/posts\/64118\/revisions"}],"predecessor-version":[{"id":64120,"href":"https:\/\/zonaroja.com.mx\/index.php?rest_route=\/wp\/v2\/posts\/64118\/revisions\/64120"}],"wp:featuredmedia":[{"embeddable":true,"href":"https:\/\/zonaroja.com.mx\/index.php?rest_route=\/wp\/v2\/media\/64119"}],"wp:attachment":[{"href":"https:\/\/zonaroja.com.mx\/index.php?rest_route=%2Fwp%2Fv2%2Fmedia&parent=64118"}],"wp:term":[{"taxonomy":"category","embeddable":true,"href":"https:\/\/zonaroja.com.mx\/index.php?rest_route=%2Fwp%2Fv2%2Fcategories&post=64118"},{"taxonomy":"post_tag","embeddable":true,"href":"https:\/\/zonaroja.com.mx\/index.php?rest_route=%2Fwp%2Fv2%2Ftags&post=64118"}],"curies":[{"name":"wp","href":"https:\/\/api.w.org\/{rel}","templated":true}]}}