{"id":64124,"date":"2024-01-11T08:30:00","date_gmt":"2024-01-11T14:30:00","guid":{"rendered":"http:\/\/www.zonaroja.com.mx\/?p=64124"},"modified":"2024-01-11T07:06:49","modified_gmt":"2024-01-11T13:06:49","slug":"nuevo-fiscal-de-cdmx-consigue-titulo-de-licenciado-en-derecho-expres","status":"publish","type":"post","link":"https:\/\/zonaroja.com.mx\/?p=64124","title":{"rendered":"Nuevo fiscal de Cdmx consigue t\u00edtulo de licenciado en Derecho expr\u00e9s"},"content":{"rendered":"\n<p>Redacci\u00f3n\/Zona Roja Cdmx.<\/p>\n\n\n\n<p>Ciudad de M\u00e9xico, a 11 de enero de 2024.- Ulises Lara L\u00f3pez, a quien Ernestina Godoy pas\u00f3 la batuta de la titularidad de la Fiscal\u00eda General de Justicia de la Ciudad de M\u00e9xico (FGJCDMX), obtuvo en \u201cfast track\u201d su t\u00edtulo de Licenciado en Derecho por el Centro Universitario C\u00faspide de M\u00e9xico.<\/p>\n\n\n\n<p>Apenas unas horas despu\u00e9s de haber asumido como fiscal, y en medio de una lluvia de se\u00f1alamientos por no cumplir con los requisitos para estar al frente de la Fiscal\u00eda, este 10 de enero el t\u00edtulo en Derecho de Ulises Lara apareci\u00f3 en la p\u00e1gina del Registro Nacional de Profesionistas de la Secretar\u00eda de Educaci\u00f3n P\u00fablica (SEP).<\/p>\n\n\n\n<p>El t\u00edtulo de Licenciado en Derecho fue emitido con la c\u00e9dula 13908423, del tipo C1, que fue expedido apenas este a\u00f1o. Cabe apuntar que en la v\u00edspera \u00e9ste a\u00fan no aparec\u00eda en la web. Adem\u00e1s, la informaci\u00f3n sobre su grado de estudios no ha sido actualizada en la p\u00e1gina oficial de la dependencia.<\/p>\n\n\n\n<p>Lara L\u00f3pez, qui\u00e9n s\u00f3lo contaba con una Licenciatura en Sociolog\u00eda expedido en 1997 por la Universidad Nacional Aut\u00f3noma de M\u00e9xico (UNAM), tambi\u00e9n tiene dos maestr\u00edas, una en Direcci\u00f3n y Gesti\u00f3n P\u00fablica, y otra en Gobierno y Asuntos P\u00fablicos; as\u00ed como un Doctorado en Derecho por parte de la Universidad Ejecutiva del Estado de M\u00e9xico.<\/p>\n\n\n\n<p>Esta situaci\u00f3n deriv\u00f3 a una ola de cr\u00edticas luego de que el martes Ernestina Godoy Ramos decidi\u00f3 nombrar encargado de despacho a Lara L\u00f3pez, pues \u00e9ste no cumpl\u00eda con los requisitos establecidos en la Constituci\u00f3n de la Ciudad de M\u00e9xico, en donde se se\u00f1ala que el fiscal debe poseer un t\u00edtulo en licenciatura en Derecho y una experiencia m\u00ednima de cinco a\u00f1os.<\/p>\n\n\n\n<p>Luego de que se diera a conocer que Ulises Lara ya cuenta con su t\u00edtulo en Derecho, los internautas han se\u00f1alado de inmediato algunas irregularidades que giran en torno al Centro Universitario C\u00faspide de M\u00e9xico, instituci\u00f3n que le emiti\u00f3 el t\u00edtulo al fiscal.<\/p>\n\n\n\n<p>Dicha Universidad se ubica en la calle 5 de mayo, en la colonia San Lucas en la alcald\u00eda Iztapalapa. La escuela ofrece licenciaturas en Derecho, Administraci\u00f3n y Mercadotecnia, as\u00ed como Seguridad P\u00fablica y Criminal\u00edstica; de igual forma entre su oferta acad\u00e9mica ofrece el Bachillerato Escolarizado.<\/p>\n\n\n\n<p>La Escuela tiene colegiaturas mensuales de $1,750 pesos y presuntamente la \u00faltima vez que inici\u00f3 un nuevo ciclo escolar fue el 11 de septiembre de 2023.<\/p>\n\n\n\n<p>En lo que respecta a la Licenciatura en Derecho, \u00e9sta se cursa en nueve cuatrimestres, es decir, en un aproximado de tres a\u00f1os y hay modalidad presencial y en l\u00ednea.<\/p>\n\n\n\n<p>Cabe apuntar que la direcci\u00f3n del Centro Universitario C\u00faspide de M\u00e9xico (https:\/\/centrouniversitariocuspidedemexico.com.mx\/) tiene adem\u00e1s un dise\u00f1o r\u00fastico, posee faltas de ortograf\u00eda y de tipos, no cuenta con un directorio de personas al frente de la instituci\u00f3n, ni misi\u00f3n o visi\u00f3n, como se acostumbra de los sitios web oficiales de las escuelas.<\/p>\n\n\n\n<p>(Informaci\u00f3n de Infobae M\u00e9xico)<\/p>\n","protected":false},"excerpt":{"rendered":"<p>Redacci\u00f3n\/Zona Roja Cdmx. Ciudad de M\u00e9xico, a 11 de enero de 2024.- Ulises Lara L\u00f3pez,&hellip;<\/p>\n","protected":false},"author":2,"featured_media":64125,"comment_status":"closed","ping_status":"open","sticky":false,"template":"","format":"standard","meta":{"_lmt_disableupdate":"","_lmt_disable":"","_jetpack_memberships_contains_paid_content":false,"footnotes":""},"categories":[109,47],"tags":[3806],"class_list":["post-64124","post","type-post","status-publish","format-standard","has-post-thumbnail","hentry","category-minuto-a-minuto","category-zona-gris","tag-ulises-lara-lopez"],"jetpack_featured_media_url":"https:\/\/zonaroja.com.mx\/wp-content\/uploads\/2024\/01\/Ulises-Lara-Lopez.jpg","jetpack_sharing_enabled":true,"_links":{"self":[{"href":"https:\/\/zonaroja.com.mx\/index.php?rest_route=\/wp\/v2\/posts\/64124","targetHints":{"allow":["GET"]}}],"collection":[{"href":"https:\/\/zonaroja.com.mx\/index.php?rest_route=\/wp\/v2\/posts"}],"about":[{"href":"https:\/\/zonaroja.com.mx\/index.php?rest_route=\/wp\/v2\/types\/post"}],"author":[{"embeddable":true,"href":"https:\/\/zonaroja.com.mx\/index.php?rest_route=\/wp\/v2\/users\/2"}],"replies":[{"embeddable":true,"href":"https:\/\/zonaroja.com.mx\/index.php?rest_route=%2Fwp%2Fv2%2Fcomments&post=64124"}],"version-history":[{"count":1,"href":"https:\/\/zonaroja.com.mx\/index.php?rest_route=\/wp\/v2\/posts\/64124\/revisions"}],"predecessor-version":[{"id":64126,"href":"https:\/\/zonaroja.com.mx\/index.php?rest_route=\/wp\/v2\/posts\/64124\/revisions\/64126"}],"wp:featuredmedia":[{"embeddable":true,"href":"https:\/\/zonaroja.com.mx\/index.php?rest_route=\/wp\/v2\/media\/64125"}],"wp:attachment":[{"href":"https:\/\/zonaroja.com.mx\/index.php?rest_route=%2Fwp%2Fv2%2Fmedia&parent=64124"}],"wp:term":[{"taxonomy":"category","embeddable":true,"href":"https:\/\/zonaroja.com.mx\/index.php?rest_route=%2Fwp%2Fv2%2Fcategories&post=64124"},{"taxonomy":"post_tag","embeddable":true,"href":"https:\/\/zonaroja.com.mx\/index.php?rest_route=%2Fwp%2Fv2%2Ftags&post=64124"}],"curies":[{"name":"wp","href":"https:\/\/api.w.org\/{rel}","templated":true}]}}