{"id":64127,"date":"2024-01-11T11:30:00","date_gmt":"2024-01-11T17:30:00","guid":{"rendered":"http:\/\/www.zonaroja.com.mx\/?p=64127"},"modified":"2024-01-11T07:10:01","modified_gmt":"2024-01-11T13:10:01","slug":"informe-oaxaca-quinta-entidad-nacional-con-mas-asesinato-de-periodistas","status":"publish","type":"post","link":"https:\/\/zonaroja.com.mx\/?p=64127","title":{"rendered":"Informe: Oaxaca, quinta entidad nacional con m\u00e1s asesinato de periodistas"},"content":{"rendered":"\n<p>Redacci\u00f3n\/Zona Roja.<\/p>\n\n\n\n<p>Oaxaca de Ju\u00e1rez, Oax., a 11 de enero de 2024.-&nbsp;\u201cEjercer el periodismo y defender la libertad de expresi\u00f3n en M\u00e9xico es sin\u00f3nimo de muerte, desapariciones, agresiones e impunidad\u201d.&nbsp;<\/p>\n\n\n\n<p>En el Informe de Derechos Humanos 2018-2023, presentado por organizaciones civiles, se se\u00f1ala que Oaxaca es la quinta entidad del pa\u00eds con m\u00e1s asesinatos de periodistas.<\/p>\n\n\n\n<p>A su vez, de 2019 a 2022, la Defensor\u00eda de los Derechos Humanos del Pueblo de Oaxaca inici\u00f3 76 indagatorias relacionadas con agresiones a periodistas.&nbsp;<\/p>\n\n\n\n<p>Las autoridades m\u00e1s se\u00f1aladas son los ayuntamientos, la Fiscal\u00eda General del Estado de Oaxaca y la Secretar\u00eda de Seguridad P\u00fablica.&nbsp;<\/p>\n\n\n\n<p>Las agresiones m\u00e1s recurrentes son amenazas, impedir el ejercicio period\u00edstico, hostigamiento, agresiones f\u00edsicas, obstaculizar el acceso a la informaci\u00f3n y allanamientos.<\/p>\n\n\n\n<p>Por otra parte, la Fiscal\u00eda General del Estado de Oaxaca inici\u00f3 184 carpetas de investigaci\u00f3n de 2018 a abril 2023, por delitos cometidos contra periodistas en la entidad: 64 por amenazas, 32 por delitos contra libertad de expresi\u00f3n, 13 por robo, cinco por despojo, cuatro por abuso de autoridad, cuatro por da\u00f1os y tres por desaparici\u00f3n de personas. No existe informaci\u00f3n sobre avances en estas investigaciones.<\/p>\n\n\n\n<p>Cabe se\u00f1alar la particular vulnerabilidad de periodistas que laboran en contextos comunitarios.&nbsp;<\/p>\n\n\n\n<p>La impunidad es el mayor agravio del Estado, como lo ejemplifica el caso de Heber L\u00f3pez Osorio, a 17 meses de su asesinato y a pesar de estar identificados probables responsables, el proceso sigue sin concluirse, incrementando el riesgo para la familia que exige justicia y ha tenido que desplazarse.<\/p>\n\n\n\n<p>No menos grave es la estigmatizaci\u00f3n del Estado contra periodistas a trav\u00e9s de espacios oficiales de difusi\u00f3n, documentada de manera m\u00e1s sistem\u00e1tica a partir del inicio de la nueva administraci\u00f3n p\u00fablica en Oaxaca.&nbsp;<\/p>\n\n\n\n<p>Finalmente, las personas periodistas de Oaxaca enfrentan la precarizaci\u00f3n salarial y la falta de acceso a m\u00ednimos derechos laborales y sociales, situaci\u00f3n agudizada por la crisis derivada de la pandemia.<\/p>\n\n\n\n<p>(Informaci\u00f3n de la asociaci\u00f3n civil Educa)<\/p>\n","protected":false},"excerpt":{"rendered":"<p>Redacci\u00f3n\/Zona Roja. Oaxaca de Ju\u00e1rez, Oax., a 11 de enero de 2024.-&nbsp;\u201cEjercer el periodismo y&hellip;<\/p>\n","protected":false},"author":2,"featured_media":55562,"comment_status":"closed","ping_status":"open","sticky":false,"template":"","format":"standard","meta":{"_lmt_disableupdate":"","_lmt_disable":"","_jetpack_memberships_contains_paid_content":false,"footnotes":""},"categories":[109,47],"tags":[3063],"class_list":["post-64127","post","type-post","status-publish","format-standard","has-post-thumbnail","hentry","category-minuto-a-minuto","category-zona-gris","tag-periodismo-en-riesgo-oaxaca"],"jetpack_featured_media_url":"https:\/\/zonaroja.com.mx\/wp-content\/uploads\/2023\/05\/Periodismo-en-riesgo-periodistas-asesinatos.jpg","jetpack_sharing_enabled":true,"_links":{"self":[{"href":"https:\/\/zonaroja.com.mx\/index.php?rest_route=\/wp\/v2\/posts\/64127","targetHints":{"allow":["GET"]}}],"collection":[{"href":"https:\/\/zonaroja.com.mx\/index.php?rest_route=\/wp\/v2\/posts"}],"about":[{"href":"https:\/\/zonaroja.com.mx\/index.php?rest_route=\/wp\/v2\/types\/post"}],"author":[{"embeddable":true,"href":"https:\/\/zonaroja.com.mx\/index.php?rest_route=\/wp\/v2\/users\/2"}],"replies":[{"embeddable":true,"href":"https:\/\/zonaroja.com.mx\/index.php?rest_route=%2Fwp%2Fv2%2Fcomments&post=64127"}],"version-history":[{"count":1,"href":"https:\/\/zonaroja.com.mx\/index.php?rest_route=\/wp\/v2\/posts\/64127\/revisions"}],"predecessor-version":[{"id":64128,"href":"https:\/\/zonaroja.com.mx\/index.php?rest_route=\/wp\/v2\/posts\/64127\/revisions\/64128"}],"wp:featuredmedia":[{"embeddable":true,"href":"https:\/\/zonaroja.com.mx\/index.php?rest_route=\/wp\/v2\/media\/55562"}],"wp:attachment":[{"href":"https:\/\/zonaroja.com.mx\/index.php?rest_route=%2Fwp%2Fv2%2Fmedia&parent=64127"}],"wp:term":[{"taxonomy":"category","embeddable":true,"href":"https:\/\/zonaroja.com.mx\/index.php?rest_route=%2Fwp%2Fv2%2Fcategories&post=64127"},{"taxonomy":"post_tag","embeddable":true,"href":"https:\/\/zonaroja.com.mx\/index.php?rest_route=%2Fwp%2Fv2%2Ftags&post=64127"}],"curies":[{"name":"wp","href":"https:\/\/api.w.org\/{rel}","templated":true}]}}