{"id":64134,"date":"2024-01-11T13:19:00","date_gmt":"2024-01-11T19:19:00","guid":{"rendered":"http:\/\/www.zonaroja.com.mx\/?p=64134"},"modified":"2024-01-11T08:08:24","modified_gmt":"2024-01-11T14:08:24","slug":"sigue-narcoguerra-en-ecuador-detienen-a-329-delincuentes","status":"publish","type":"post","link":"https:\/\/zonaroja.com.mx\/?p=64134","title":{"rendered":"Sigue \u201cnarcoguerra\u201d en Ecuador; detienen a 329 delincuentes"},"content":{"rendered":"\n<p>Redacci\u00f3n\/Zona Roja Cdmx.<\/p>\n\n\n\n<p>Ciudad de M\u00e9xico, a 11 de enero de 2024.- Cientos de militares y polic\u00edas custodiaban ayer la infraestructura estrat\u00e9gica de Ecuador y algunos medios de comunicaci\u00f3n en esta capital y la sure\u00f1a ciudad de Guayaquil, mientras el gobierno del presidente Daniel Noboa intentaba recobrar la normalidad del pa\u00eds, un d\u00eda despu\u00e9s de que declar\u00f3 un \u201cconflicto armado interno\u201d contra grupos criminales.<\/p>\n\n\n\n<p>Ecuador atraves\u00f3 el tercer d\u00eda consecutivo de una in\u00e9dita violencia en sus calles con saldo de al menos 14 muertos, casi 140 polic\u00edas y personal penitenciario retenidos por presos, un sinf\u00edn de ataques armados y 329 detenidos.<\/p>\n\n\n\n<p>Noboa, de 36 a\u00f1os, declar\u00f3 a la emisora Radio Canela que el pa\u00eds est\u00e1 en \u201cestado de guerra\u201d, y asegur\u00f3 que ante la crisis de seguridad que se vive \u201cse requieren g\u00fcevos grandes, de avestruz y no de cart\u00f3n\u201d.<\/p>\n\n\n\n<p>Dijo que con firmeza su gobierno est\u00e1 \u201cluchando por la paz y contra grupos terroristas\u201d que, seg\u00fan \u00e9l, est\u00e1n integrados \u201cpor m\u00e1s de 20 mil miembros\u201d, y advirti\u00f3 a jueces y fiscales que tambi\u00e9n ser\u00e1n procesados si ayudan a las bandas, al considerar que son parte de esta \u201cred terrorista\u201d.<\/p>\n\n\n\n<p>Noboa declar\u00f3 a Ecuador en \u201cconflicto armado interno\u201d el martes, tras haber ordenado, un d\u00eda antes, el estado de excepci\u00f3n por 60 d\u00edas.<\/p>\n\n\n\n<p>La crisis se impuso tras la fuga de Adolfo Mac\u00edas, alias Fito, jefe de la principal banda criminal del pa\u00eds, conocida como Los Choneros, vicnulada al cartel del Sinaloa, y quien estaba recluido en una c\u00e1rcel guayaquile\u00f1a, el domingo pasado. A la fuga de Fito se sum\u00f3 antier la de Fabricio Col\u00f3n Pico, uno de los capos de Los Lobos, relacionado con el cartel Jalisco Nueva Generaci\u00f3n, detenido el viernes pasado por cargos de secuestro y su presunta responsabilidad en un plan para asesinar a la fiscal general, Diana Salazar.<\/p>\n\n\n\n<p>Cientos de militares y polic\u00edas custodiaban ayer las desoladas calles alrededor de la sede presidencial de Carondelet, en el centro de Quito, ciudad de casi 3 millones de habitantes.<\/p>\n\n\n\n<p>Pocos autos circulaban en las grandes avenidas Guayaquil, donde almacenes y tiendas de barrio permanec\u00edan cerrados por los hechos violentos que se recrudecieron desde el lunes.<\/p>\n\n\n\n<p>\u201cHay miedo, uno tiene que estar con precauci\u00f3n, mirando para ac\u00e1, para all\u00e1, si tomo este cami\u00f3n o mejor no\u201d, coment\u00f3 a la agencia noticiosa Afp una mujer de 68 a\u00f1os, que no quiso revelar su identidad y sali\u00f3 a trabajar \u201caterrorizada\u201d a una oficina en la zona norte de Quito.<\/p>\n\n\n\n<p>Las fuerzas de seguridad se manten\u00edan activas tambi\u00e9n para dar con la recaptura de Fito y de Col\u00f3n Pico.<\/p>\n\n\n\n<p>En un primer informe sobre esta crisis, el jefe del comando conjunto de las fuerzas armadas, almirante Jaime Vela, report\u00f3 que en operaciones conjuntas de fuerzas armadas y polic\u00eda en todo el territorio nacional \u201c329 terroristas\u201d fueron capturados y otros cinco fueron abatidos durante la vigencia de la declaratoria de \u201cconflicto armado interno\u201d.<\/p>\n\n\n\n<p>Vela agreg\u00f3 que tambi\u00e9n fueron rescatadas 41 personas que permanec\u00edan como rehenes, 28 presos que se hab\u00edan fugado fueron recapturados, para lo cual los uniformados se han enfrentado a tres grupos que las autoridades califican de \u201cterroristas\u201d.<\/p>\n\n\n\n<p>(Informaci\u00f3n de agencias internacionales en \u201cLa Jornada\u201d)<\/p>\n","protected":false},"excerpt":{"rendered":"<p>Redacci\u00f3n\/Zona Roja Cdmx. Ciudad de M\u00e9xico, a 11 de enero de 2024.- Cientos de militares&hellip;<\/p>\n","protected":false},"author":2,"featured_media":64135,"comment_status":"closed","ping_status":"open","sticky":false,"template":"","format":"standard","meta":{"_lmt_disableupdate":"","_lmt_disable":"","_jetpack_memberships_contains_paid_content":false,"footnotes":""},"categories":[109,47],"tags":[],"class_list":["post-64134","post","type-post","status-publish","format-standard","has-post-thumbnail","hentry","category-minuto-a-minuto","category-zona-gris"],"jetpack_featured_media_url":"https:\/\/zonaroja.com.mx\/wp-content\/uploads\/2024\/01\/Narcoguerra-Ecuador-.jpg","jetpack_sharing_enabled":true,"_links":{"self":[{"href":"https:\/\/zonaroja.com.mx\/index.php?rest_route=\/wp\/v2\/posts\/64134","targetHints":{"allow":["GET"]}}],"collection":[{"href":"https:\/\/zonaroja.com.mx\/index.php?rest_route=\/wp\/v2\/posts"}],"about":[{"href":"https:\/\/zonaroja.com.mx\/index.php?rest_route=\/wp\/v2\/types\/post"}],"author":[{"embeddable":true,"href":"https:\/\/zonaroja.com.mx\/index.php?rest_route=\/wp\/v2\/users\/2"}],"replies":[{"embeddable":true,"href":"https:\/\/zonaroja.com.mx\/index.php?rest_route=%2Fwp%2Fv2%2Fcomments&post=64134"}],"version-history":[{"count":1,"href":"https:\/\/zonaroja.com.mx\/index.php?rest_route=\/wp\/v2\/posts\/64134\/revisions"}],"predecessor-version":[{"id":64136,"href":"https:\/\/zonaroja.com.mx\/index.php?rest_route=\/wp\/v2\/posts\/64134\/revisions\/64136"}],"wp:featuredmedia":[{"embeddable":true,"href":"https:\/\/zonaroja.com.mx\/index.php?rest_route=\/wp\/v2\/media\/64135"}],"wp:attachment":[{"href":"https:\/\/zonaroja.com.mx\/index.php?rest_route=%2Fwp%2Fv2%2Fmedia&parent=64134"}],"wp:term":[{"taxonomy":"category","embeddable":true,"href":"https:\/\/zonaroja.com.mx\/index.php?rest_route=%2Fwp%2Fv2%2Fcategories&post=64134"},{"taxonomy":"post_tag","embeddable":true,"href":"https:\/\/zonaroja.com.mx\/index.php?rest_route=%2Fwp%2Fv2%2Ftags&post=64134"}],"curies":[{"name":"wp","href":"https:\/\/api.w.org\/{rel}","templated":true}]}}