{"id":64137,"date":"2024-01-11T10:22:00","date_gmt":"2024-01-11T16:22:00","guid":{"rendered":"http:\/\/www.zonaroja.com.mx\/?p=64137"},"modified":"2024-01-11T08:26:37","modified_gmt":"2024-01-11T14:26:37","slug":"indagara-nueva-titular-de-comision-de-busqueda-corrupcion-de-antecesora","status":"publish","type":"post","link":"https:\/\/zonaroja.com.mx\/?p=64137","title":{"rendered":"Indagar\u00e1 nueva titular de Comisi\u00f3n de B\u00fasqueda corrupci\u00f3n de antecesora"},"content":{"rendered":"\n<p>Ismael Garc\u00eda M.\/Zona Roja.<\/p>\n\n\n\n<p>Oaxaca de Ju\u00e1rez, Oax., a 11 de enero de 2024.- La Comisi\u00f3n Estatal de B\u00fasqueda de Perdonas Desaparecidas del Estado de Oaxaca colaborar\u00e1 con las instituciones en las indagatorias de posibles desv\u00edos de la ex titular, Edilberta Cruz Regino.<\/p>\n\n\n\n<p>\u201cMi compromiso est\u00e1 en dar vista a las instituciones, vamos a revisar c\u00f3mo recibimos la instituci\u00f3n para que puedan determinar y deslindar responsabilidades o aplicar justicia\u201d, dijo Michel Juli\u00e1n L\u00f3pez, tras ser designada como responsable de ese \u00f3rgano, por parte del Congreso del Estado.<\/p>\n\n\n\n<p>En su primera entrevista colectiva, detall\u00f3 que, de acuerdo con cifras oficiales, hay 480 personas reportadas como desaparecidas o no localizadas en la entidad oaxaque\u00f1a.<\/p>\n\n\n\n<p>Indic\u00f3 que trabajar\u00e1 de manera coordinada con la Fiscal\u00eda General del Estad de Oaxaca y el Gobierno del Estado, as\u00ed como con las v\u00edctimas de este delito que lacera a las familias.<\/p>\n\n\n\n<p>Una de las primeras acciones planteadas en su plan de trabajo, indic\u00f3, es la sistematizaci\u00f3n de los casos para contar con cifras reales de personas ausentes y con ello generar l\u00edneas de acci\u00f3n para impulsar pol\u00edticas p\u00fablicas de prevenci\u00f3n para este delito.<\/p>\n\n\n\n<p>Reiter\u00f3 que tiene puertas abiertas de la Comisi\u00f3n de B\u00fasqueda a su cargo y consider\u00f3 que la Fiscal\u00eda de Oaxaca ha tenido una efectividad del 98 por ciento en las localizaciones.<\/p>\n\n\n\n<p>Reconoci\u00f3 que en la mayor\u00eda de los casos de ausencias, se trata de adolescentes, por lo cual se enfocar\u00e1n tambi\u00e9n los esfuerzos para crear conciencia entre los menores de edad y sus padres de familia.<\/p>\n\n\n\n<p>LA DESIGNACI\u00d3N<\/p>\n\n\n\n<p>Ayer, con 35 votos a favor, el pleno de la 65 Legislatura local design\u00f3 a la ciudadana Michel Juli\u00e1n L\u00f3pez como titular de la Comisi\u00f3n Estatal de B\u00fasqueda de Personas Desaparecidas de Oaxaca, para un periodo de tres a\u00f1os.&nbsp;<\/p>\n\n\n\n<p>Previo a la elecci\u00f3n de la nueva titular, las diputadas y los diputados aprobaron en sesi\u00f3n extraordinaria la terna enviada por el titular del Poder Ejecutivo, luego de la convocatoria p\u00fablica emitida el 16 de octubre de 2023 para participar en el proceso de selecci\u00f3n de la persona a ocupar la titularidad de dicha comisi\u00f3n.&nbsp;<\/p>\n\n\n\n<p>Tras su designaci\u00f3n, la ciudadana Michel Juli\u00e1n L\u00f3pez rindi\u00f3 la protesta de ley correspondiente a su cargo, ante la Mesa Directiva de la LXV Legislatura local.&nbsp;<\/p>\n\n\n\n<p>Es licenciada en Derecho por la Universidad Aut\u00f3noma \u201cBenito Ju\u00e1rez\u201d de Oaxaca (UABJO), se ha desempe\u00f1ado como Vicefiscal General de Atenci\u00f3n a V\u00edctimas y a la Sociedad de la Fiscal\u00eda General del Estado; as\u00ed como jefa de Departamento de la Comisi\u00f3n Ejecutiva de Atenci\u00f3n a V\u00edctimas, y Visitadora Adjunta en la Defensor\u00eda de los Derechos Humanos del Pueblo de Oaxaca.&nbsp;<\/p>\n\n\n\n<p>La Comisi\u00f3n Permanente de Administraci\u00f3n y Procuraci\u00f3n de Justicia del Congreso del Estado, que preside la diputada Lizett Arroyo Rodr\u00edguez, fue la responsable de entrevistar a los integrantes de la terna, a excepci\u00f3n del licenciado Enrique Chavelas Espinosa, quien manifest\u00f3 su imposibilidad de asistir a las entrevistas.&nbsp;<\/p>\n\n\n\n<p>Esta comisi\u00f3n legislativa inform\u00f3 que verific\u00f3 que fuesen cumplidos los requisitos para ser titular de la Comisi\u00f3n de B\u00fasqueda de Personas Desaparecidas, de conformidad con el art\u00edculo 36 de la Ley en Materia de Desaparici\u00f3n Forzada de Personas de Oaxaca.&nbsp;<\/p>\n\n\n\n<p>De acuerdo con el art\u00edculo 36, entre los requisitos para presidir la Comisi\u00f3n, est\u00e1n el contar con conocimientos y experiencia en defensa y promoci\u00f3n de derechos humanos, en b\u00fasqueda de personas, investigaci\u00f3n de delitos de desaparici\u00f3n u otros delitos de alto impacto o complejidad, conocimientos en ciencias forenses o investigaci\u00f3n criminal u otras materias relevantes para el ejercicio de sus funciones.&nbsp;<\/p>\n\n\n\n<p>Por otra parte, de acuerdo con el art\u00edculo 18 de la Ley en Materia de Desaparici\u00f3n de Personas, la Comisi\u00f3n Estatal de B\u00fasqueda es un organismo encargado de determinar, ejecutar y dar seguimiento a las acciones de b\u00fasqueda de personas desaparecidas y no localizadas en todo el territorio de Oaxaca, de conformidad con lo dispuesto en esa propia ley y en la Ley General en Materia de Desaparici\u00f3n Forzada de Personas, Desaparici\u00f3n Cometida por Particulares y del Sistema Nacional de B\u00fasqueda de Personas.<\/p>\n","protected":false},"excerpt":{"rendered":"<p>Ismael Garc\u00eda M.\/Zona Roja. Oaxaca de Ju\u00e1rez, Oax., a 11 de enero de 2024.- La&hellip;<\/p>\n","protected":false},"author":2,"featured_media":64138,"comment_status":"closed","ping_status":"open","sticky":false,"template":"","format":"standard","meta":{"_lmt_disableupdate":"","_lmt_disable":"","_jetpack_memberships_contains_paid_content":false,"footnotes":""},"categories":[109,46],"tags":[2757,3808],"class_list":["post-64137","post","type-post","status-publish","format-standard","has-post-thumbnail","hentry","category-minuto-a-minuto","category-zona-blanca","tag-comision-estatal-de-busqueda-de-personas-desaparecidas-oaxaca","tag-michel-julian-lopez"],"jetpack_featured_media_url":"https:\/\/zonaroja.com.mx\/wp-content\/uploads\/2024\/01\/Michel-Julian-Lopez.jpg","jetpack_sharing_enabled":true,"_links":{"self":[{"href":"https:\/\/zonaroja.com.mx\/index.php?rest_route=\/wp\/v2\/posts\/64137","targetHints":{"allow":["GET"]}}],"collection":[{"href":"https:\/\/zonaroja.com.mx\/index.php?rest_route=\/wp\/v2\/posts"}],"about":[{"href":"https:\/\/zonaroja.com.mx\/index.php?rest_route=\/wp\/v2\/types\/post"}],"author":[{"embeddable":true,"href":"https:\/\/zonaroja.com.mx\/index.php?rest_route=\/wp\/v2\/users\/2"}],"replies":[{"embeddable":true,"href":"https:\/\/zonaroja.com.mx\/index.php?rest_route=%2Fwp%2Fv2%2Fcomments&post=64137"}],"version-history":[{"count":1,"href":"https:\/\/zonaroja.com.mx\/index.php?rest_route=\/wp\/v2\/posts\/64137\/revisions"}],"predecessor-version":[{"id":64139,"href":"https:\/\/zonaroja.com.mx\/index.php?rest_route=\/wp\/v2\/posts\/64137\/revisions\/64139"}],"wp:featuredmedia":[{"embeddable":true,"href":"https:\/\/zonaroja.com.mx\/index.php?rest_route=\/wp\/v2\/media\/64138"}],"wp:attachment":[{"href":"https:\/\/zonaroja.com.mx\/index.php?rest_route=%2Fwp%2Fv2%2Fmedia&parent=64137"}],"wp:term":[{"taxonomy":"category","embeddable":true,"href":"https:\/\/zonaroja.com.mx\/index.php?rest_route=%2Fwp%2Fv2%2Fcategories&post=64137"},{"taxonomy":"post_tag","embeddable":true,"href":"https:\/\/zonaroja.com.mx\/index.php?rest_route=%2Fwp%2Fv2%2Ftags&post=64137"}],"curies":[{"name":"wp","href":"https:\/\/api.w.org\/{rel}","templated":true}]}}