{"id":64142,"date":"2024-01-11T19:04:43","date_gmt":"2024-01-12T01:04:43","guid":{"rendered":"http:\/\/www.zonaroja.com.mx\/?p=64142"},"modified":"2024-01-11T19:04:45","modified_gmt":"2024-01-12T01:04:45","slug":"evidencian-ola-de-asaltos-en-oaxaca-capital-y-autoridad-en-fiestas","status":"publish","type":"post","link":"https:\/\/zonaroja.com.mx\/?p=64142","title":{"rendered":"Evidencian ola de asaltos en Oaxaca capital\u2026 y autoridad en fiestas\u00a0"},"content":{"rendered":"\n<p>Yuridiana Sosa\/Zona Roja.<\/p>\n\n\n\n<p>Oaxaca de Ju\u00e1rez, Oax., 11 de enero de 2024.- La alarmante ola de inseguridad en la ciudad de Oaxaca es reportada todos los d\u00edas por parte de la ciudadan\u00eda, quienes son v\u00edctimas de hechos violentos en sus casas como en la v\u00eda p\u00fablica, sin que la Secretar\u00eda de Seguridad P\u00fablica municipal ni el edil Francisco Mart\u00ednez Neri realice detenciones por esos hechos.<\/p>\n\n\n\n<p>El suceso m\u00e1s reciente fue denunciado por vecinos del fraccionamiento \u201cOclaro\u201d residencial, ubicado en la agencia de San Mart\u00edn Mexic\u00e1pam, en la capital, donde se registr\u00f3 el robo masivo de llantas de autos durante la madrugada de este jueves.<\/p>\n\n\n\n<p>Por medio de im\u00e1genes, los afectados se\u00f1alaron los robos, por los cuales exigen la intervenci\u00f3n de las autoridades de seguridad p\u00fablica, pero adem\u00e1s, en la inconformidad&nbsp; por la falta de seguridad, los vecinos planean el bloqueo de la obra del desarrollo habitacional.<\/p>\n\n\n\n<p>En esa misma agencia, la noche de este mi\u00e9rcoles se registr\u00f3 el ataque armado y asesinato de la trabajadora de una panader\u00eda, donde adem\u00e1s un individuo qued\u00f3 herido.<\/p>\n\n\n\n<p>Por medio de diversos videos de c\u00e1maras de seguridad de viviendas y negocios, los ciudadanos en la capital tambi\u00e9n han denunciado los hechos violentos en distintas partes de la ciudad.<\/p>\n\n\n\n<p>Entre los recientes hechos, se difundieron im\u00e1genes de un asalto violento al conductor de un veh\u00edculo estacionado en la calle de Xicot\u00e9ncatl casi esquina con Guerrero, por parte de un sujeto que lleg\u00f3 con su acompa\u00f1ante a bordo de una motocicleta.<\/p>\n\n\n\n<p>El video muestra que el asaltante lleg\u00f3 aparentemente con un bate a golpear la ventanilla del conductor, quien momentos antes hab\u00eda ingresado a la unidad.<\/p>\n\n\n\n<p>Mientras que unos j\u00f3venes ciudadanos fueron v\u00edctimas de un asalto en la calle Panor\u00e1mica del Fort\u00edn, en las faldas del cerro del mismo nombre, de acuerdo a las im\u00e1genes difundidas.<\/p>\n\n\n\n<p>En inmediaciones del lugar se encuentra un m\u00f3dulo de polic\u00edas, pero siempre est\u00e1 cerrado, y los patrullajes en la zona son insuficientes para garantizar la seguridad.<\/p>\n\n\n\n<p>En tanto que al norte de la ciudad, en el Infonavit Primero de Mayo, c\u00e1maras de seguridad captaron el robo de una motocicleta la madrugada del pasado lunes.<\/p>\n\n\n\n<p>Tal es la inseguridad, que ni los ex presidentes municipales se salvan, como fue el caso del ex edil Javier Villaca\u00f1a Jim\u00f1enez.<\/p>\n\n\n\n<p>A trav\u00e9s de un video, una de las hijas del pol\u00edtico priista da testimonio del hecho del que fue v\u00edctima de la inseguridad en la capital. Indic\u00f3 que un grupo de hombres ingres\u00f3 a su domicilio para saquear, despu\u00e9s, a los habitantes de la casa los obligaron a acudir a la casa de sus padres, donde tambi\u00e9n robaron de manera impune.<\/p>\n\n\n\n<p>Sobre ninguno de los hechos, la autoridad municipal ha ofrecido informaci\u00f3n a la ciudadan\u00eda, mientras que el secretario de Seguridad y Protecci\u00f3n Ciudadana, Ra\u00fal \u00c1vila, prefiere destinar a los elementos a operativos contra los comerciantes y el edil, Francisco Mart\u00ednez Neri, de prioridad a atender actos proselitistas en busca de su reelecci\u00f3n.<\/p>\n\n\n\n<p>DATOS OFICIALES<\/p>\n\n\n\n<p>De acuerdo al Secretariado Ejecutivo del Sistema de Seguridad P\u00fablica (SESNSP), en Oaxaca de Ju\u00e1rez, se han registrado de enero a noviembre, 160 denuncias por robo a casa habitaci\u00f3n; 299 por robo de veh\u00edculo automotor; 44 por robo de autopartes.<\/p>\n\n\n\n<p>Adem\u00e1s, 17 por robo a transportistas, de los que 14 fueron con violencia; robo a transe\u00fante en la v\u00eda p\u00fablica, 562, de los que m\u00e1s de 350 fueron con uso de violencia; 80 por robo a transe\u00fante en espacios abiertos al p\u00fablico; 432 por robo a negocios, de los que 254 fueron con violencia.<\/p>\n","protected":false},"excerpt":{"rendered":"<p>Yuridiana Sosa\/Zona Roja. Oaxaca de Ju\u00e1rez, Oax., 11 de enero de 2024.- La alarmante ola&hellip;<\/p>\n","protected":false},"author":2,"featured_media":64143,"comment_status":"closed","ping_status":"open","sticky":false,"template":"","format":"standard","meta":{"_lmt_disableupdate":"","_lmt_disable":"","_jetpack_memberships_contains_paid_content":false,"footnotes":""},"categories":[109,47],"tags":[148],"class_list":["post-64142","post","type-post","status-publish","format-standard","has-post-thumbnail","hentry","category-minuto-a-minuto","category-zona-gris","tag-oaxaca-de-juarez"],"jetpack_featured_media_url":"https:\/\/zonaroja.com.mx\/wp-content\/uploads\/2024\/01\/Asalto-ciudad-de-Oaxaca.jpeg","jetpack_sharing_enabled":true,"_links":{"self":[{"href":"https:\/\/zonaroja.com.mx\/index.php?rest_route=\/wp\/v2\/posts\/64142","targetHints":{"allow":["GET"]}}],"collection":[{"href":"https:\/\/zonaroja.com.mx\/index.php?rest_route=\/wp\/v2\/posts"}],"about":[{"href":"https:\/\/zonaroja.com.mx\/index.php?rest_route=\/wp\/v2\/types\/post"}],"author":[{"embeddable":true,"href":"https:\/\/zonaroja.com.mx\/index.php?rest_route=\/wp\/v2\/users\/2"}],"replies":[{"embeddable":true,"href":"https:\/\/zonaroja.com.mx\/index.php?rest_route=%2Fwp%2Fv2%2Fcomments&post=64142"}],"version-history":[{"count":1,"href":"https:\/\/zonaroja.com.mx\/index.php?rest_route=\/wp\/v2\/posts\/64142\/revisions"}],"predecessor-version":[{"id":64144,"href":"https:\/\/zonaroja.com.mx\/index.php?rest_route=\/wp\/v2\/posts\/64142\/revisions\/64144"}],"wp:featuredmedia":[{"embeddable":true,"href":"https:\/\/zonaroja.com.mx\/index.php?rest_route=\/wp\/v2\/media\/64143"}],"wp:attachment":[{"href":"https:\/\/zonaroja.com.mx\/index.php?rest_route=%2Fwp%2Fv2%2Fmedia&parent=64142"}],"wp:term":[{"taxonomy":"category","embeddable":true,"href":"https:\/\/zonaroja.com.mx\/index.php?rest_route=%2Fwp%2Fv2%2Fcategories&post=64142"},{"taxonomy":"post_tag","embeddable":true,"href":"https:\/\/zonaroja.com.mx\/index.php?rest_route=%2Fwp%2Fv2%2Ftags&post=64142"}],"curies":[{"name":"wp","href":"https:\/\/api.w.org\/{rel}","templated":true}]}}