{"id":64145,"date":"2024-01-11T20:35:06","date_gmt":"2024-01-12T02:35:06","guid":{"rendered":"http:\/\/www.zonaroja.com.mx\/?p=64145"},"modified":"2024-01-11T20:35:08","modified_gmt":"2024-01-12T02:35:08","slug":"protestan-chimas-en-tribunal-agrario-de-tuxtepec-para-exigir-nulidad-de-ejidos-invadidos","status":"publish","type":"post","link":"https:\/\/zonaroja.com.mx\/?p=64145","title":{"rendered":"Protestan Chimas en Tribunal Agrario de Tuxtepec, para exigir nulidad de ejidos invadidos"},"content":{"rendered":"\n<p>Yuridiana Sosa\/Zona Roja.<\/p>\n\n\n\n<p>Oaxaca de Ju\u00e1rez, Oax., a 11 de enero de 2024.- Comuneros de San Miguel Chimalapa, de la regi\u00f3n del Istmo de Tehuanteec, se manifestaron y \u201ctomaron\u201d las oficinas del Tribunal Unitario Agrario con sede en Tuxtepec, en la regi\u00f3n de la Cuenca, para exigir a soluci\u00f3n a la nulidad de cuatro ejidos chiapanecos creados en territorio oaxaque\u00f1o.<\/p>\n\n\n\n<p>Los habitantes de la comunidad zoque reclamaron a los jueces del Tribunal Unitario Agrario dilaci\u00f3n para solucionar la invasi\u00f3n de m\u00e1s de 40 mil hect\u00e1reas y con ello hacer valer la sentencia emitida por la Suprema Corte de Justicia de la Naci\u00f3n (SCJN) ante la controversia constitucional 121\/2012, sobre los l\u00edmites territoriales entre Oaxaca y Chiapas.<\/p>\n\n\n\n<p>Desde el a\u00f1o pasado, los comuneros demandan formalmente ante el Tribunal Unitario la nulidad de los ejidos chiapanecos de Gustavo D\u00edaz Ordaz y &nbsp;Flor de Chiapas.<\/p>\n\n\n\n<p>As\u00ed como los ejidos de Ram\u00f3n Escobar Balboa y Rodulfo Figueroa, sobre los que en 2011 el Congreso de Chiapas declar\u00f3 la creaci\u00f3n del municipio Belisario Dom\u00ednguez, el cual desapareci\u00f3 &nbsp;con el fallo de la Suprema Corte de Justicia de la Naci\u00f3n (SCJN), en el a\u00f1o 2021.<\/p>\n\n\n\n<p>Los manifestantes se\u00f1alaron que no retirar\u00e1n su protesta hasta que el TUA no otorgue una respuesta satisfactoria a su demanda.<\/p>\n\n\n\n<p>Durante la protesta, los inconformes&nbsp; colocaron mantas y cartulinas con sus exigencias sobre la fachada de dicho Tribunal, ubicado sobre la calle de Morelos, donde se obstruy\u00f3 el paso vehicular.&nbsp;<\/p>\n","protected":false},"excerpt":{"rendered":"<p>Yuridiana Sosa\/Zona Roja. Oaxaca de Ju\u00e1rez, Oax., a 11 de enero de 2024.- Comuneros de&hellip;<\/p>\n","protected":false},"author":2,"featured_media":64146,"comment_status":"closed","ping_status":"open","sticky":false,"template":"","format":"standard","meta":{"_lmt_disableupdate":"","_lmt_disable":"","_jetpack_memberships_contains_paid_content":false,"footnotes":""},"categories":[109,47],"tags":[2949],"class_list":["post-64145","post","type-post","status-publish","format-standard","has-post-thumbnail","hentry","category-minuto-a-minuto","category-zona-gris","tag-controversia-constitucional-chimalapas"],"jetpack_featured_media_url":"https:\/\/zonaroja.com.mx\/wp-content\/uploads\/2024\/01\/7c1aa54b-f361-41db-903a-5ca5f2209cb7.jpg","jetpack_sharing_enabled":true,"_links":{"self":[{"href":"https:\/\/zonaroja.com.mx\/index.php?rest_route=\/wp\/v2\/posts\/64145","targetHints":{"allow":["GET"]}}],"collection":[{"href":"https:\/\/zonaroja.com.mx\/index.php?rest_route=\/wp\/v2\/posts"}],"about":[{"href":"https:\/\/zonaroja.com.mx\/index.php?rest_route=\/wp\/v2\/types\/post"}],"author":[{"embeddable":true,"href":"https:\/\/zonaroja.com.mx\/index.php?rest_route=\/wp\/v2\/users\/2"}],"replies":[{"embeddable":true,"href":"https:\/\/zonaroja.com.mx\/index.php?rest_route=%2Fwp%2Fv2%2Fcomments&post=64145"}],"version-history":[{"count":1,"href":"https:\/\/zonaroja.com.mx\/index.php?rest_route=\/wp\/v2\/posts\/64145\/revisions"}],"predecessor-version":[{"id":64147,"href":"https:\/\/zonaroja.com.mx\/index.php?rest_route=\/wp\/v2\/posts\/64145\/revisions\/64147"}],"wp:featuredmedia":[{"embeddable":true,"href":"https:\/\/zonaroja.com.mx\/index.php?rest_route=\/wp\/v2\/media\/64146"}],"wp:attachment":[{"href":"https:\/\/zonaroja.com.mx\/index.php?rest_route=%2Fwp%2Fv2%2Fmedia&parent=64145"}],"wp:term":[{"taxonomy":"category","embeddable":true,"href":"https:\/\/zonaroja.com.mx\/index.php?rest_route=%2Fwp%2Fv2%2Fcategories&post=64145"},{"taxonomy":"post_tag","embeddable":true,"href":"https:\/\/zonaroja.com.mx\/index.php?rest_route=%2Fwp%2Fv2%2Ftags&post=64145"}],"curies":[{"name":"wp","href":"https:\/\/api.w.org\/{rel}","templated":true}]}}