{"id":6415,"date":"2019-12-06T10:27:33","date_gmt":"2019-12-06T16:27:33","guid":{"rendered":"https:\/\/www.zonaroja.com.mx\/?p=6415"},"modified":"2019-12-06T10:27:35","modified_gmt":"2019-12-06T16:27:35","slug":"istmo-sangriento-ademas-de-dos-asaltos-a-negocios-un-ejecutado-y-dos-heridos","status":"publish","type":"post","link":"https:\/\/zonaroja.com.mx\/?p=6415","title":{"rendered":"Istmo sangriento: Adem\u00e1s de dos asaltos a negocios, un ejecutado y dos heridos"},"content":{"rendered":"\n<p>Redacci\u00f3n\/Zona Roja.<\/p>\n\n\n\n<p>Oaxaca de Ju\u00e1rez, Oax., 6 de diciembre de 2019.- Adem\u00e1s del asalto a dos tiendas de conveniencia, ayer en la regi\u00f3n del Istmo de Tehuantepec fue ejecutada a balazos una persona y dos m\u00e1s resultaron lesionadas, en hechos distintos.<\/p>\n\n\n\n<p>Alrededor de las 20:00 horas, en la comunidad de Morro Mazat\u00e1n, Santo Domingo Tehuantepec, fue ultimado a balazos un individuo identificado como Oswell Mendoza, de aproximadamente 34 a\u00f1os de edad.<\/p>\n\n\n\n<p>Seg\u00fan los reportes policiacos, fueron al menos dos personas las que dispararon en contra de la v\u00edctima, tras lo cual huyeron. Hasta el momento la Vicefiscal\u00eda Regional del Istmo no ha reportado detenciones por este caso.<\/p>\n\n\n\n<p>Tambi\u00e9n anoche pero en el centro de Juchit\u00e1n de Zaragoza, se suscit\u00f3 un ataque armado con saldo de dos personas lesionadas.<\/p>\n\n\n\n<p>Los hechos ocurrieron en la avenida Oaxaca de la Primera Secci\u00f3n, cerca de un centro comercial.<\/p>\n\n\n\n<p>Los atacantes presuntamente viajaban en una unidad de motor y tambi\u00e9n se dieron a la fuga despu\u00e9s de cometer la agresi\u00f3n; no se proporcionaron los nombres de las v\u00edctimas.<\/p>\n\n\n\n<p>Mientras tanto en San Sebasti\u00e1n Tutla, municipio conurbado a la capital oaxaque\u00f1a, fue baleado el exterior de un domicilio, supuestamente de un aspirante a la presidencia municipal; no se reportaron personas lesionadas.&nbsp;<br class=\"Apple-interchange-newline\" \/><\/p>\n","protected":false},"excerpt":{"rendered":"<p>Redacci\u00f3n\/Zona Roja. Oaxaca de Ju\u00e1rez, Oax., 6 de diciembre de 2019.- Adem\u00e1s del asalto a&hellip;<\/p>\n","protected":false},"author":2,"featured_media":6414,"comment_status":"closed","ping_status":"open","sticky":false,"template":"","format":"standard","meta":{"_lmt_disableupdate":"","_lmt_disable":"","_jetpack_memberships_contains_paid_content":false,"footnotes":""},"categories":[109,51],"tags":[123,124],"class_list":["post-6415","post","type-post","status-publish","format-standard","has-post-thumbnail","hentry","category-minuto-a-minuto","category-zona-roja","tag-juchitan-de-zaragoza","tag-santo-domingo-tehuantepe"],"jetpack_featured_media_url":"https:\/\/zonaroja.com.mx\/wp-content\/uploads\/2019\/12\/img_1555.jpg","jetpack_sharing_enabled":true,"_links":{"self":[{"href":"https:\/\/zonaroja.com.mx\/index.php?rest_route=\/wp\/v2\/posts\/6415","targetHints":{"allow":["GET"]}}],"collection":[{"href":"https:\/\/zonaroja.com.mx\/index.php?rest_route=\/wp\/v2\/posts"}],"about":[{"href":"https:\/\/zonaroja.com.mx\/index.php?rest_route=\/wp\/v2\/types\/post"}],"author":[{"embeddable":true,"href":"https:\/\/zonaroja.com.mx\/index.php?rest_route=\/wp\/v2\/users\/2"}],"replies":[{"embeddable":true,"href":"https:\/\/zonaroja.com.mx\/index.php?rest_route=%2Fwp%2Fv2%2Fcomments&post=6415"}],"version-history":[{"count":1,"href":"https:\/\/zonaroja.com.mx\/index.php?rest_route=\/wp\/v2\/posts\/6415\/revisions"}],"predecessor-version":[{"id":6416,"href":"https:\/\/zonaroja.com.mx\/index.php?rest_route=\/wp\/v2\/posts\/6415\/revisions\/6416"}],"wp:featuredmedia":[{"embeddable":true,"href":"https:\/\/zonaroja.com.mx\/index.php?rest_route=\/wp\/v2\/media\/6414"}],"wp:attachment":[{"href":"https:\/\/zonaroja.com.mx\/index.php?rest_route=%2Fwp%2Fv2%2Fmedia&parent=6415"}],"wp:term":[{"taxonomy":"category","embeddable":true,"href":"https:\/\/zonaroja.com.mx\/index.php?rest_route=%2Fwp%2Fv2%2Fcategories&post=6415"},{"taxonomy":"post_tag","embeddable":true,"href":"https:\/\/zonaroja.com.mx\/index.php?rest_route=%2Fwp%2Fv2%2Ftags&post=6415"}],"curies":[{"name":"wp","href":"https:\/\/api.w.org\/{rel}","templated":true}]}}