{"id":64158,"date":"2024-01-12T09:29:00","date_gmt":"2024-01-12T15:29:00","guid":{"rendered":"http:\/\/www.zonaroja.com.mx\/?p=64158"},"modified":"2024-01-12T07:39:35","modified_gmt":"2024-01-12T13:39:35","slug":"normaliza-neri-inseguridad-en-la-capital-y-defiende-a-su-secretario-de-seguridad","status":"publish","type":"post","link":"https:\/\/zonaroja.com.mx\/?p=64158","title":{"rendered":"Normaliza Neri inseguridad en la capital y defiende a su secretario de Seguridad"},"content":{"rendered":"\n<p>Yuridiana Sosa\/Zona Roja.<\/p>\n\n\n\n<p>Oaxaca de Ju\u00e1rez, Oax., a 12 de enero de 2024.- Pese a la denuncia ciudadana de diversos hechos delictivos en las \u00faltimas horas en diferentes zonas de la capital oaxaque\u00f1a, el edil Francisco Mart\u00ednez Neri, normaliz\u00f3 los eventos relacionados con la inseguridad.<\/p>\n\n\n\n<p>Defendi\u00f3 adem\u00e1s al titular de la Secretar\u00eda de Seguridad P\u00fablica y Protecci\u00f3n Ciudadana municipal, Ra\u00fal \u00c1vila Ibarra, por lo que descart\u00f3 la posibilidad de destituirlo de su cargo pese a los resultados.<\/p>\n\n\n\n<p>\u201cDe pronto ocurren este tipo de hechos, a veces hay picos en las gr\u00e1ficas\u2026la comisi\u00f3n de delitos es un problema general\u201d, expres\u00f3 el presidente municipal en entrevista colectiva, al finalizar la sesi\u00f3n de Cabildo de este jueves, en la que tambi\u00e9n reconoci\u00f3 que recibieron denuncias por hechos delincuenciales esta madrugada.<\/p>\n\n\n\n<p>Al inicio de su tercer y \u00faltimo a\u00f1o de gesti\u00f3n, y en busca de la reelecci\u00f3n, Mart\u00ednez Neri sigue confiando en que pronto las situaciones en materia de seguridad mejorar\u00e1n.&nbsp;<\/p>\n\n\n\n<p>\u00abLas cosas van marchando. A veces son cuestiones como que se supera el n\u00famero de polic\u00edas o las condiciones, pero hay confianza en el trabajo del secretario\u00bb, indic\u00f3, y agreg\u00f3 que la instrucci\u00f3n a Ra\u00fal \u00c1vila&nbsp;es realizar una acci\u00f3n de fuerza mayor y una mayor presencia policiaca.<\/p>\n\n\n\n<p>Como una soluci\u00f3n por parte de su gobierno, dijo que se organizaron varios comit\u00e9s de seguridad por parte de la ciudadan\u00eda, lo que puede ayudar\u00e1 a inhibir los hechos delincuenciales.<\/p>\n\n\n\n<p>Respecto al exhorto realizado desde la 65 Legislatura del Congreso de Oaxaca, para que el ayuntamiento de la capital mejore las condiciones de seguridad, Mart\u00ednez Neri reconoci\u00f3 que es necesario&nbsp;aumentar el n\u00famero de elementos y equipamientos tecnol\u00f3gicos, por lo que revir\u00f3 y demand\u00f3 a los diputados locales y federales a mejorar los presupuestos en esta materia que permitan la adquisici\u00f3n de bienes y la renovaci\u00f3n de los cuadros policiales.<\/p>\n\n\n\n<p>Agreg\u00f3 que la seguridad p\u00fablica es un asunto de todos y de ah\u00ed&nbsp;la necesidad de la coordinaci\u00f3n policial y la necesidad de conformar en las comunidades de la ciudad los comit\u00e9s de seguridad.<\/p>\n","protected":false},"excerpt":{"rendered":"<p>Yuridiana Sosa\/Zona Roja. Oaxaca de Ju\u00e1rez, Oax., a 12 de enero de 2024.- Pese a&hellip;<\/p>\n","protected":false},"author":2,"featured_media":64159,"comment_status":"closed","ping_status":"open","sticky":false,"template":"","format":"standard","meta":{"_lmt_disableupdate":"","_lmt_disable":"","_jetpack_memberships_contains_paid_content":false,"footnotes":""},"categories":[109,47],"tags":[2418],"class_list":["post-64158","post","type-post","status-publish","format-standard","has-post-thumbnail","hentry","category-minuto-a-minuto","category-zona-gris","tag-francisco-martinez-neri"],"jetpack_featured_media_url":"https:\/\/zonaroja.com.mx\/wp-content\/uploads\/2024\/01\/Francisco-Martinez-Neri.jpg","jetpack_sharing_enabled":true,"_links":{"self":[{"href":"https:\/\/zonaroja.com.mx\/index.php?rest_route=\/wp\/v2\/posts\/64158","targetHints":{"allow":["GET"]}}],"collection":[{"href":"https:\/\/zonaroja.com.mx\/index.php?rest_route=\/wp\/v2\/posts"}],"about":[{"href":"https:\/\/zonaroja.com.mx\/index.php?rest_route=\/wp\/v2\/types\/post"}],"author":[{"embeddable":true,"href":"https:\/\/zonaroja.com.mx\/index.php?rest_route=\/wp\/v2\/users\/2"}],"replies":[{"embeddable":true,"href":"https:\/\/zonaroja.com.mx\/index.php?rest_route=%2Fwp%2Fv2%2Fcomments&post=64158"}],"version-history":[{"count":1,"href":"https:\/\/zonaroja.com.mx\/index.php?rest_route=\/wp\/v2\/posts\/64158\/revisions"}],"predecessor-version":[{"id":64160,"href":"https:\/\/zonaroja.com.mx\/index.php?rest_route=\/wp\/v2\/posts\/64158\/revisions\/64160"}],"wp:featuredmedia":[{"embeddable":true,"href":"https:\/\/zonaroja.com.mx\/index.php?rest_route=\/wp\/v2\/media\/64159"}],"wp:attachment":[{"href":"https:\/\/zonaroja.com.mx\/index.php?rest_route=%2Fwp%2Fv2%2Fmedia&parent=64158"}],"wp:term":[{"taxonomy":"category","embeddable":true,"href":"https:\/\/zonaroja.com.mx\/index.php?rest_route=%2Fwp%2Fv2%2Fcategories&post=64158"},{"taxonomy":"post_tag","embeddable":true,"href":"https:\/\/zonaroja.com.mx\/index.php?rest_route=%2Fwp%2Fv2%2Ftags&post=64158"}],"curies":[{"name":"wp","href":"https:\/\/api.w.org\/{rel}","templated":true}]}}