{"id":64164,"date":"2024-01-12T11:30:00","date_gmt":"2024-01-12T17:30:00","guid":{"rendered":"http:\/\/www.zonaroja.com.mx\/?p=64164"},"modified":"2024-01-12T07:59:22","modified_gmt":"2024-01-12T13:59:22","slug":"atienden-en-congreso-del-estado-a-proveedores-de-uniformes","status":"publish","type":"post","link":"https:\/\/zonaroja.com.mx\/?p=64164","title":{"rendered":"Atienden en Congreso del Estado a proveedores de uniformes"},"content":{"rendered":"\n<p>Redacci\u00f3n\/Zona Roja.<\/p>\n\n\n\n<p>Oaxaca de Ju\u00e1rez, Oax., a 11 de enero de 2024.- El presidente de la Junta de Coordinaci\u00f3n Pol\u00edtica (Jucopo) de la 65 Legislatura de Oaxaca, Sergio L\u00f3pez S\u00e1nchez, atendi\u00f3 a un grupo de proveedores de uniformes que acudi\u00f3 este jueves a las instalaciones del Congreso local.&nbsp;<\/p>\n\n\n\n<p>En la reuni\u00f3n, en la que tambi\u00e9n particip\u00f3 la diputada X\u00f3chitl Jazm\u00edn Vel\u00e1zquez V\u00e1squez, se escuch\u00f3 al grupo de personas encabezadas por el ciudadano Neftal\u00ed Diego Garc\u00eda Aguilar, que manifest\u00f3 su inconformidad en el resultado de la convocatoria dirigida a proveedores de uniformes, emitida en julio del a\u00f1o pasado por la Secretar\u00eda de Bienestar, Tequio e Inclusi\u00f3n del Estado de Oaxaca.&nbsp;<\/p>\n\n\n\n<p>Al respecto, el diputado Sergio L\u00f3pez S\u00e1nchez reiter\u00f3 el compromiso de la 65 Legislatura local de ser un Congreso de puertas abiertas y de atender a todos los sectores, por lo que manifest\u00f3 su disposici\u00f3n para que se establezca una mesa de trabajo con las Secretar\u00edas de Gobierno, de Bienestar, Tequio e Inclusi\u00f3n del Estado, y los proveedores, a partir de la tercera semana de enero, a fin de que sean atendidos.&nbsp;<\/p>\n\n\n\n<p>El legislador reiter\u00f3 su disposici\u00f3n para que se encuentre una alternativa y se les d\u00e9 una explicaci\u00f3n puntual y transparente a los proveedores atendidos por el Poder Legislativo la tarde de este 11 de enero.<\/p>\n","protected":false},"excerpt":{"rendered":"<p>Redacci\u00f3n\/Zona Roja. Oaxaca de Ju\u00e1rez, Oax., a 11 de enero de 2024.- El presidente de&hellip;<\/p>\n","protected":false},"author":2,"featured_media":64165,"comment_status":"closed","ping_status":"open","sticky":false,"template":"","format":"standard","meta":{"_lmt_disableupdate":"","_lmt_disable":"","_jetpack_memberships_contains_paid_content":false,"footnotes":""},"categories":[109,46],"tags":[3803],"class_list":["post-64164","post","type-post","status-publish","format-standard","has-post-thumbnail","hentry","category-minuto-a-minuto","category-zona-blanca","tag-sergio-lopez-sanchez"],"jetpack_featured_media_url":"https:\/\/zonaroja.com.mx\/wp-content\/uploads\/2024\/01\/Reunion-Congreso-uniformes-proveedores-1.jpg","jetpack_sharing_enabled":true,"_links":{"self":[{"href":"https:\/\/zonaroja.com.mx\/index.php?rest_route=\/wp\/v2\/posts\/64164","targetHints":{"allow":["GET"]}}],"collection":[{"href":"https:\/\/zonaroja.com.mx\/index.php?rest_route=\/wp\/v2\/posts"}],"about":[{"href":"https:\/\/zonaroja.com.mx\/index.php?rest_route=\/wp\/v2\/types\/post"}],"author":[{"embeddable":true,"href":"https:\/\/zonaroja.com.mx\/index.php?rest_route=\/wp\/v2\/users\/2"}],"replies":[{"embeddable":true,"href":"https:\/\/zonaroja.com.mx\/index.php?rest_route=%2Fwp%2Fv2%2Fcomments&post=64164"}],"version-history":[{"count":1,"href":"https:\/\/zonaroja.com.mx\/index.php?rest_route=\/wp\/v2\/posts\/64164\/revisions"}],"predecessor-version":[{"id":64166,"href":"https:\/\/zonaroja.com.mx\/index.php?rest_route=\/wp\/v2\/posts\/64164\/revisions\/64166"}],"wp:featuredmedia":[{"embeddable":true,"href":"https:\/\/zonaroja.com.mx\/index.php?rest_route=\/wp\/v2\/media\/64165"}],"wp:attachment":[{"href":"https:\/\/zonaroja.com.mx\/index.php?rest_route=%2Fwp%2Fv2%2Fmedia&parent=64164"}],"wp:term":[{"taxonomy":"category","embeddable":true,"href":"https:\/\/zonaroja.com.mx\/index.php?rest_route=%2Fwp%2Fv2%2Fcategories&post=64164"},{"taxonomy":"post_tag","embeddable":true,"href":"https:\/\/zonaroja.com.mx\/index.php?rest_route=%2Fwp%2Fv2%2Ftags&post=64164"}],"curies":[{"name":"wp","href":"https:\/\/api.w.org\/{rel}","templated":true}]}}