{"id":64170,"date":"2024-01-12T14:14:00","date_gmt":"2024-01-12T20:14:00","guid":{"rendered":"http:\/\/www.zonaroja.com.mx\/?p=64170"},"modified":"2024-01-12T08:17:06","modified_gmt":"2024-01-12T14:17:06","slug":"el-covid-dejo-cerca-de-10-mil-muertos-en-el-mundo-durante-diciembre","status":"publish","type":"post","link":"https:\/\/zonaroja.com.mx\/?p=64170","title":{"rendered":"El Covid dej\u00f3 cerca de 10 mil muertos en el mundo durante diciembre"},"content":{"rendered":"\n<p>Redacci\u00f3n\/Zona Roja Cdmx.<\/p>\n\n\n\n<p>Ciudad de M\u00e9xico, a 12 de enero de 2024.- El director general de la Organizaci\u00f3n Mundial de la Salud, Tedros Adhanom Ghebreyesus, dijo este mi\u00e9rcoles que las reuniones por las fiestas de fin de a\u00f1o y la propagaci\u00f3n de la subvariante m\u00e1s prominente a nivel mundial provocaron un aumento de la transmisi\u00f3n del Covid-19 el mes pasado.<\/p>\n\n\n\n<p>Tedros se\u00f1al\u00f3 que se reportaron cerca de 10,000 decesos en diciembre, mientras que las hospitalizaciones durante dicho mes aumentaron un 42 por ciento en casi 50 pa\u00edses que compartieron informaci\u00f3n sobre estas tendencias, la mayor\u00eda en Europa y Am\u00e9rica.<\/p>\n\n\n\n<p>\u201cAunque 10,000 muertes al mes es mucho menos que en el pico de la pandemia, este nivel de decesos prevenibles no es aceptable\u201d, dijo Tedros a los reporteros en la sede de la OMS en Ginebra.<\/p>\n\n\n\n<p>Se\u00f1al\u00f3 que es \u201cseguro\u201d que los casos iban al alza en otros pa\u00edses que no han reportado sus datos, y pidi\u00f3 a los gobiernos que mantengan la vigilancia y proporcionen un acceso continuo a tratamientos y vacunas.<\/p>\n\n\n\n<p>Tedros dijo que la subvariante JN.1 era ahora la m\u00e1s dominante en el mundo. Es una subvariante de \u00f3micron, as\u00ed que las versiones actuales de la vacuna deben seguir brindando cierta protecci\u00f3n.<\/p>\n\n\n\n<p>Maria van Kerkhove, directora t\u00e9cnica en la OMS para el Covid-19, mencion\u00f3 un repunte de enfermedades respiratorias en el mundo debido al coronavirus, pero tambi\u00e9n a la influenza, el rinovirus y la neumon\u00eda.<\/p>\n\n\n\n<p>\u201cPrevemos que esas tendencias sigan en enero durante los meses de invierno en el hemisferio norte\u201d, coment\u00f3, aunque mencion\u00f3 un aumento de casos de Covid-19 en el hemisferio sur, donde es verano.<\/p>\n\n\n\n<p>Aunque los casos de tos, flujo nasal, fiebre y fatiga en invierno no son nada nuevo, Van Kerkhove dijo que este a\u00f1o en particular, \u201cestamos viendo la cocirculaci\u00f3n de muchos tipos diferentes de pat\u00f3genos\u201d.<\/p>\n\n\n\n<p>Funcionarios de la OMS recomendaron que la gente se vacune en la medida de lo posible, porte mascarillas y se asegure de que los espacios bajo techo est\u00e9n bien ventilados.<\/p>\n\n\n\n<p>\u201cLas vacunas podr\u00edan no impedir que se infecten, pero las vacunas ciertamente est\u00e1n reduciendo significativamente la probabilidad de ser hospitalizado o morir\u201d, dijo el doctor Michael Ryan, director de emergencias en la OMS.<\/p>\n\n\n\n<p>(Informaci\u00f3n de AP en \u201cEl Financiero\u201d)<\/p>\n","protected":false},"excerpt":{"rendered":"<p>Redacci\u00f3n\/Zona Roja Cdmx. Ciudad de M\u00e9xico, a 12 de enero de 2024.- El director general&hellip;<\/p>\n","protected":false},"author":2,"featured_media":35002,"comment_status":"closed","ping_status":"open","sticky":false,"template":"","format":"standard","meta":{"_lmt_disableupdate":"","_lmt_disable":"","_jetpack_memberships_contains_paid_content":false,"footnotes":""},"categories":[109,47],"tags":[],"class_list":["post-64170","post","type-post","status-publish","format-standard","has-post-thumbnail","hentry","category-minuto-a-minuto","category-zona-gris"],"jetpack_featured_media_url":"https:\/\/zonaroja.com.mx\/wp-content\/uploads\/2021\/12\/Covid-Omnicron-coronavirus.jpg","jetpack_sharing_enabled":true,"_links":{"self":[{"href":"https:\/\/zonaroja.com.mx\/index.php?rest_route=\/wp\/v2\/posts\/64170","targetHints":{"allow":["GET"]}}],"collection":[{"href":"https:\/\/zonaroja.com.mx\/index.php?rest_route=\/wp\/v2\/posts"}],"about":[{"href":"https:\/\/zonaroja.com.mx\/index.php?rest_route=\/wp\/v2\/types\/post"}],"author":[{"embeddable":true,"href":"https:\/\/zonaroja.com.mx\/index.php?rest_route=\/wp\/v2\/users\/2"}],"replies":[{"embeddable":true,"href":"https:\/\/zonaroja.com.mx\/index.php?rest_route=%2Fwp%2Fv2%2Fcomments&post=64170"}],"version-history":[{"count":1,"href":"https:\/\/zonaroja.com.mx\/index.php?rest_route=\/wp\/v2\/posts\/64170\/revisions"}],"predecessor-version":[{"id":64171,"href":"https:\/\/zonaroja.com.mx\/index.php?rest_route=\/wp\/v2\/posts\/64170\/revisions\/64171"}],"wp:featuredmedia":[{"embeddable":true,"href":"https:\/\/zonaroja.com.mx\/index.php?rest_route=\/wp\/v2\/media\/35002"}],"wp:attachment":[{"href":"https:\/\/zonaroja.com.mx\/index.php?rest_route=%2Fwp%2Fv2%2Fmedia&parent=64170"}],"wp:term":[{"taxonomy":"category","embeddable":true,"href":"https:\/\/zonaroja.com.mx\/index.php?rest_route=%2Fwp%2Fv2%2Fcategories&post=64170"},{"taxonomy":"post_tag","embeddable":true,"href":"https:\/\/zonaroja.com.mx\/index.php?rest_route=%2Fwp%2Fv2%2Ftags&post=64170"}],"curies":[{"name":"wp","href":"https:\/\/api.w.org\/{rel}","templated":true}]}}