{"id":64176,"date":"2024-01-12T16:52:24","date_gmt":"2024-01-12T22:52:24","guid":{"rendered":"http:\/\/www.zonaroja.com.mx\/?p=64176"},"modified":"2024-01-12T16:52:25","modified_gmt":"2024-01-12T22:52:25","slug":"ahora-si-va-en-serio-en-febrero-la-supercarretera-oaxaca-costa-anuncio-amlo","status":"publish","type":"post","link":"https:\/\/zonaroja.com.mx\/?p=64176","title":{"rendered":"\u00bfAhora s\u00ed va en serio? En febrero la supercarretera Oaxaca-Costa, anunci\u00f3 AMLO"},"content":{"rendered":"\n<p>Yuridiana Sosa\/Zona Roja.<\/p>\n\n\n\n<p>Oaxaca de Ju\u00e1rez, Oax., a 12 de enero de 2024.- Iniciada su construcci\u00f3n desde hace unos tres lustros, la inauguraci\u00f3n de la supercarretera Oaxaca-Costa ya no ocurrir\u00e1 este mes y se pospuso por en\u00e9sima ocasi\u00f3n para el pr\u00f3ximo 4 de febrero.<\/p>\n\n\n\n<p>El presidente Andr\u00e9s Manuel L\u00f3pez Obrador anunci\u00f3 en su conferencia matutina la nueva fecha para la apertura de esta vialidad, misma que en noviembre de 2023 dijo que podr\u00eda ser en enero, luego de dos deslaves registrados en el tramo Barranca Larga- Ventanilla.<\/p>\n\n\n\n<p>\u201cVamos a inaugurar la carretera Oaxaca- Puerto Escondido el 4 de febrero\u2026 pobres constructores que se tienen que apurar, hubieron unos deslaves y ten\u00edan que hacer viaductos\u201d, mencion\u00f3 el mandatario nacional. <\/p>\n\n\n\n<p>ATRASOS<\/p>\n\n\n\n<p>El pasado 6 de noviembre, durante la \u201cma\u00f1anera\u201d, L\u00f3pez Obrador pospuso la inauguraci\u00f3n que se ten\u00eda programada para el 29 de noviembre, pero ante el desastre en la obra ocasionado por intensas lluvias, no fue posible.<\/p>\n\n\n\n<p>Ante el hecho, dijo que la pr\u00f3xima fecha ser\u00eda en enero de este a\u00f1o para dar oportunidad a la reparaci\u00f3n de las afectaciones por los derrumbes de taludes.<\/p>\n\n\n\n<p>Los puntos da\u00f1ados se registraron en el kil\u00f3metro 150+700, donde se plante\u00f3 generar balcones\/terrazas para reducir la altura del corte, adem\u00e1s se realizar\u00e1 limpieza de ca\u00eddos, y en la \u00faltima parte del corte se plantea la construcci\u00f3n de un viaducto derivado a la complejidad en la estabilidad de la zona &nbsp;y otro en 146+600.<\/p>\n\n\n\n<p>Previo a los hechos, en el mes de octubre, el secretario de Infraestructura, Comunicaciones y Transportes (SICT), Jorge Nu\u00f1o Lara, realiz\u00f3 la supervisi\u00f3n de la obra de la autopista Barranca Larga-Ventanilla.<\/p>\n\n\n\n<p>Pero anteriormente, el gobierno federal ya hab\u00eda considerado la inauguraci\u00f3n de la carretera para el mes de agosto pasado, pese a que la obra se encontraba detenida por varias semanas debido a bloqueos y protestas de autoridades agrarias, municipales y habitantes de San Vicente Coatl\u00e1n que se opon\u00edan a la obra.<\/p>\n\n\n\n<p>Los trabajos se pudieron restablecer luego que en junio, y tras varias negociaciones, &nbsp;los inconformes aprobaron la continuidad.La autopista que une a la capital con Puerto Escondido consta de 10 puentes, tres t\u00faneles, dos viaductos, 15 entronques, dos plazas de cobro, 114 cruces y cinco rampas de frenado; adem\u00e1s, implic\u00f3 una inversi\u00f3n de 10 mil 670 millones de pesos.<\/p>\n\n\n\n<p><\/p>\n","protected":false},"excerpt":{"rendered":"<p>Yuridiana Sosa\/Zona Roja. Oaxaca de Ju\u00e1rez, Oax., a 12 de enero de 2024.- Iniciada su&hellip;<\/p>\n","protected":false},"author":2,"featured_media":45764,"comment_status":"closed","ping_status":"open","sticky":false,"template":"","format":"standard","meta":{"_lmt_disableupdate":"","_lmt_disable":"","_jetpack_memberships_contains_paid_content":false,"footnotes":""},"categories":[109,46],"tags":[],"class_list":["post-64176","post","type-post","status-publish","format-standard","has-post-thumbnail","hentry","category-minuto-a-minuto","category-zona-blanca"],"jetpack_featured_media_url":"https:\/\/zonaroja.com.mx\/wp-content\/uploads\/2022\/09\/Obras-supercarretera-la-Costa.jpg","jetpack_sharing_enabled":true,"_links":{"self":[{"href":"https:\/\/zonaroja.com.mx\/index.php?rest_route=\/wp\/v2\/posts\/64176","targetHints":{"allow":["GET"]}}],"collection":[{"href":"https:\/\/zonaroja.com.mx\/index.php?rest_route=\/wp\/v2\/posts"}],"about":[{"href":"https:\/\/zonaroja.com.mx\/index.php?rest_route=\/wp\/v2\/types\/post"}],"author":[{"embeddable":true,"href":"https:\/\/zonaroja.com.mx\/index.php?rest_route=\/wp\/v2\/users\/2"}],"replies":[{"embeddable":true,"href":"https:\/\/zonaroja.com.mx\/index.php?rest_route=%2Fwp%2Fv2%2Fcomments&post=64176"}],"version-history":[{"count":1,"href":"https:\/\/zonaroja.com.mx\/index.php?rest_route=\/wp\/v2\/posts\/64176\/revisions"}],"predecessor-version":[{"id":64177,"href":"https:\/\/zonaroja.com.mx\/index.php?rest_route=\/wp\/v2\/posts\/64176\/revisions\/64177"}],"wp:featuredmedia":[{"embeddable":true,"href":"https:\/\/zonaroja.com.mx\/index.php?rest_route=\/wp\/v2\/media\/45764"}],"wp:attachment":[{"href":"https:\/\/zonaroja.com.mx\/index.php?rest_route=%2Fwp%2Fv2%2Fmedia&parent=64176"}],"wp:term":[{"taxonomy":"category","embeddable":true,"href":"https:\/\/zonaroja.com.mx\/index.php?rest_route=%2Fwp%2Fv2%2Fcategories&post=64176"},{"taxonomy":"post_tag","embeddable":true,"href":"https:\/\/zonaroja.com.mx\/index.php?rest_route=%2Fwp%2Fv2%2Ftags&post=64176"}],"curies":[{"name":"wp","href":"https:\/\/api.w.org\/{rel}","templated":true}]}}